{"id":29226,"date":"2026-04-26T16:02:40","date_gmt":"2026-04-26T16:02:40","guid":{"rendered":"https:\/\/eskigazeteci.com\/?p=29226"},"modified":"2026-04-26T16:02:40","modified_gmt":"2026-04-26T16:02:40","slug":"galatasaray-32","status":"publish","type":"post","link":"https:\/\/eskigazeteci.com\/?p=29226","title":{"rendered":"Galatasaray"},"content":{"rendered":"<p>Trendyol S\u00fcper Lig&#x27;in 31. haftas\u0131nda Galatasaray , Fenerbah\u00e7e ile sahas\u0131nda kar\u015f\u0131 kar\u015f\u0131ya geliyor.<\/p>\n<p>M\u00fccadele \u00f6ncesinde Fenerbah\u00e7e tak\u0131m\u0131, zemin ve atmosfer kontrol\u00fc i\u00e7in sahaya \u00e7\u0131kt\u0131.<\/p>\n<p>Sar\u0131-k\u0131rm\u0131z\u0131l\u0131 taraftarlar ise eski futbolcular\u0131 Kerem Akt\u00fcrko\u011flu &#x27;na yo\u011fun tepki g\u00f6sterdi. Taraftarlar Kerem&#x27;i t\u00fcnelden \u00e7\u0131kt\u0131\u011f\u0131 an \u0131sl\u0131klamaya ba\u015flad\u0131.<\/p>\n<p>Milli futbolcu i\u00e7in RAMS Park hoparl\u00f6r\u00fcnden de &#x27;Mavi boncuk&#x27; \u015fark\u0131s\u0131 a\u00e7\u0131ld\u0131.<\/p>\n<p>T\u00fcrkiye&#x27;den ve D\u00fcnya\u2019dan son dakika haberleri, k\u00f6\u015fe yaz\u0131lar\u0131, magazinden siyasete, spordan seyahate b\u00fct\u00fcn konular\u0131n tek adresi Hurriyet.com.tr haber i\u00e7erikleri izin al\u0131nmadan, kaynak g\u00f6sterilerek dahi iktibas edilemez. Kanuna ayk\u0131r\u0131 ve izinsiz olarak kopyalanamaz, ba\u015fka yerde yay\u0131nlanamaz.<\/p>\n","protected":false},"excerpt":{"rendered":"<p>Galatasaray taraftar\u0131, Fenerbah\u00e7e derbisi \u00f6ncesi sahaya \u00e7\u0131kan sar\u0131-k\u0131rm\u0131z\u0131lar\u0131n eski oyuncusu Kerem Akt\u00fcrko\u011flu&#8217;na b\u00fcy\u00fck tepki g\u00f6sterdi.<\/p>\n","protected":false},"author":2,"featured_media":29225,"comment_status":"open","ping_status":"open","sticky":false,"template":"","format":"standard","meta":{"footnotes":""},"categories":[8,5,7],"tags":[],"class_list":["post-29226","post","type-post","status-publish","format-standard","has-post-thumbnail","hentry","category-arsiv","category-son-dakika","category-spor"],"_links":{"self":[{"href":"https:\/\/eskigazeteci.com\/index.php?rest_route=\/wp\/v2\/posts\/29226","targetHints":{"allow":["GET"]}}],"collection":[{"href":"https:\/\/eskigazeteci.com\/index.php?rest_route=\/wp\/v2\/posts"}],"about":[{"href":"https:\/\/eskigazeteci.com\/index.php?rest_route=\/wp\/v2\/types\/post"}],"author":[{"embeddable":true,"href":"https:\/\/eskigazeteci.com\/index.php?rest_route=\/wp\/v2\/users\/2"}],"replies":[{"embeddable":true,"href":"https:\/\/eskigazeteci.com\/index.php?rest_route=%2Fwp%2Fv2%2Fcomments&post=29226"}],"version-history":[{"count":0,"href":"https:\/\/eskigazeteci.com\/index.php?rest_route=\/wp\/v2\/posts\/29226\/revisions"}],"wp:featuredmedia":[{"embeddable":true,"href":"https:\/\/eskigazeteci.com\/index.php?rest_route=\/wp\/v2\/media\/29225"}],"wp:attachment":[{"href":"https:\/\/eskigazeteci.com\/index.php?rest_route=%2Fwp%2Fv2%2Fmedia&parent=29226"}],"wp:term":[{"taxonomy":"category","embeddable":true,"href":"https:\/\/eskigazeteci.com\/index.php?rest_route=%2Fwp%2Fv2%2Fcategories&post=29226"},{"taxonomy":"post_tag","embeddable":true,"href":"https:\/\/eskigazeteci.com\/index.php?rest_route=%2Fwp%2Fv2%2Ftags&post=29226"}],"curies":[{"name":"wp","href":"https:\/\/api.w.org\/{rel}","templated":true}]}}