{"id":29222,"date":"2026-04-26T15:45:40","date_gmt":"2026-04-26T15:45:40","guid":{"rendered":"https:\/\/eskigazeteci.com\/?p=29222"},"modified":"2026-04-26T15:45:40","modified_gmt":"2026-04-26T15:45:40","slug":"malideki-teror-saldirilarinda-savunma-bakani-camaranin-oldu-iddiasi","status":"publish","type":"post","link":"https:\/\/eskigazeteci.com\/?p=29222","title":{"rendered":"Mali&#8217;deki ter\u00f6r sald\u0131r\u0131lar\u0131nda Savunma Bakan\u0131 Camara&#8217;n\u0131n \u00f6ld\u00fc iddias\u0131"},"content":{"rendered":"<p>Mali\u2019de Savunma Bakan\u0131 Sadio Camara\u2019n\u0131n ba\u015fkent Bamako\u2019ya yakla\u015f\u0131k 15 kilometre uzakl\u0131kta bulunan stratejik Kati kasabas\u0131ndaki konutuna silahl\u0131 sald\u0131r\u0131 ger\u00e7ekle\u015ftirildi. Ad\u0131 a\u00e7\u0131klanmayan kaynaklardan yap\u0131lan ilk a\u00e7\u0131klamalara g\u00f6re, ter\u00f6r \u00f6rg\u00fct\u00fc El Kaide ba\u011flant\u0131l\u0131 Cemaat Nusrat ul-\u0130slam ve el-M\u00fcslimin (JNIM) adl\u0131 grup ve ayr\u0131l\u0131k\u00e7\u0131 Tuareg isyanc\u0131lar\u0131, d\u00fcn ak\u015fam Camara\u2019n\u0131n bir askeri \u00fcs yak\u0131nlar\u0131nda bulunan konutuna sald\u0131r\u0131 d\u00fczenledi. Sald\u0131r\u0131da Savunma Bakan\u0131 Camara ve ikinci e\u015finin hayat\u0131n\u0131 kaybetti\u011fi iddia edildi. Camara&#x27;n\u0131n bir yak\u0131n\u0131, bas\u0131n mensuplar\u0131na yapt\u0131\u011f\u0131 a\u00e7\u0131klamada bakan\u0131n hayat\u0131n\u0131 kaybetti\u011fini s\u00f6yledi. H\u00dcK\u00dcMET, \u0130DD\u0130AYI DO\u011eRULAMADI<\/p>\n<p>Sald\u0131r\u0131n\u0131n ard\u0131ndan Mali h\u00fck\u00fcmetinden yap\u0131lan a\u00e7\u0131klamada ise, Kati\u2019nin yan\u0131 s\u0131ra Sevare, Gao ve Kidal garnizon kasabalar\u0131 ile ba\u015fkent Bamako da dahil olmak \u00fczere bir\u00e7ok noktaya e\u015f zamanl\u0131 sald\u0131r\u0131lar ger\u00e7ekle\u015ftirildi\u011fi kaydedildi. Sald\u0131r\u0131larda aralar\u0131nda sivil ve askeri personelin de bulundu\u011fu 16 ki\u015finin yaraland\u0131\u011f\u0131 bildirilirken, maddi hasar\u0131n k\u0131s\u0131tl\u0131 oldu\u011fu belirtildi. \u00d6te yandan h\u00fck\u00fcmet, Bakan Camara\u2019n\u0131n hayat\u0131n\u0131 kaybetti\u011fine y\u00f6nelik iddialar\u0131 hen\u00fcz do\u011frulamad\u0131. G\u00dcVENL\u0130K \u00d6NLEMLER\u0130 SIKILA\u015eTIRILDI<\/p>\n<p>Ordudan yap\u0131lan a\u00e7\u0131klamada, sald\u0131r\u0131lar\u0131n&#8230;<\/p>\n","protected":false},"excerpt":{"rendered":"<p>Mali\u2019de ter\u00f6r \u00f6rg\u00fct\u00fc El Kaide ba\u011flant\u0131l\u0131 gruplar\u0131n \u00e7e\u015fitli b\u00f6lgelerde e\u015f zamanl\u0131 d\u00fczenledi\u011fi sald\u0131r\u0131larda Mali Savunma Bakan\u0131 Sadio Camara\u2019n\u0131n hayat\u0131n\u0131&#8230;<\/p>\n","protected":false},"author":2,"featured_media":29221,"comment_status":"open","ping_status":"open","sticky":false,"template":"","format":"standard","meta":{"footnotes":""},"categories":[8,6,5],"tags":[],"class_list":["post-29222","post","type-post","status-publish","format-standard","has-post-thumbnail","hentry","category-arsiv","category-gundem","category-son-dakika"],"_links":{"self":[{"href":"https:\/\/eskigazeteci.com\/index.php?rest_route=\/wp\/v2\/posts\/29222","targetHints":{"allow":["GET"]}}],"collection":[{"href":"https:\/\/eskigazeteci.com\/index.php?rest_route=\/wp\/v2\/posts"}],"about":[{"href":"https:\/\/eskigazeteci.com\/index.php?rest_route=\/wp\/v2\/types\/post"}],"author":[{"embeddable":true,"href":"https:\/\/eskigazeteci.com\/index.php?rest_route=\/wp\/v2\/users\/2"}],"replies":[{"embeddable":true,"href":"https:\/\/eskigazeteci.com\/index.php?rest_route=%2Fwp%2Fv2%2Fcomments&post=29222"}],"version-history":[{"count":0,"href":"https:\/\/eskigazeteci.com\/index.php?rest_route=\/wp\/v2\/posts\/29222\/revisions"}],"wp:featuredmedia":[{"embeddable":true,"href":"https:\/\/eskigazeteci.com\/index.php?rest_route=\/wp\/v2\/media\/29221"}],"wp:attachment":[{"href":"https:\/\/eskigazeteci.com\/index.php?rest_route=%2Fwp%2Fv2%2Fmedia&parent=29222"}],"wp:term":[{"taxonomy":"category","embeddable":true,"href":"https:\/\/eskigazeteci.com\/index.php?rest_route=%2Fwp%2Fv2%2Fcategories&post=29222"},{"taxonomy":"post_tag","embeddable":true,"href":"https:\/\/eskigazeteci.com\/index.php?rest_route=%2Fwp%2Fv2%2Ftags&post=29222"}],"curies":[{"name":"wp","href":"https:\/\/api.w.org\/{rel}","templated":true}]}}