{"id":29220,"date":"2026-04-26T15:44:07","date_gmt":"2026-04-26T15:44:07","guid":{"rendered":"https:\/\/eskigazeteci.com\/?p=29220"},"modified":"2026-04-26T15:44:07","modified_gmt":"2026-04-26T15:44:07","slug":"super-ligde-isler-kacis-amed-2-puani-esenlerin-3-puani","status":"publish","type":"post","link":"https:\/\/eskigazeteci.com\/?p=29220","title":{"rendered":"S\u00fcper Lig&#8217;de \u0130\u015fler Ka\u00e7\u0131\u015f: Amed 2 Puan\u0131 Esenlerin 3 Puan\u0131!"},"content":{"rendered":"<p>Trendyol 1. Lig &#x27;de 37. haftas\u0131 oynanan ma\u00e7larla tamamland\u0131.<\/p>\n","protected":false},"excerpt":{"rendered":"<p>Amed Sportif Faaliyetleri ile Esenler Erokspor, Trendyol 1. Lig&#8217;in 37. haftas\u0131nda puan kaybetti.<\/p>\n","protected":false},"author":2,"featured_media":29219,"comment_status":"open","ping_status":"open","sticky":false,"template":"","format":"standard","meta":{"footnotes":""},"categories":[8,5,7],"tags":[],"class_list":["post-29220","post","type-post","status-publish","format-standard","has-post-thumbnail","hentry","category-arsiv","category-son-dakika","category-spor"],"_links":{"self":[{"href":"https:\/\/eskigazeteci.com\/index.php?rest_route=\/wp\/v2\/posts\/29220","targetHints":{"allow":["GET"]}}],"collection":[{"href":"https:\/\/eskigazeteci.com\/index.php?rest_route=\/wp\/v2\/posts"}],"about":[{"href":"https:\/\/eskigazeteci.com\/index.php?rest_route=\/wp\/v2\/types\/post"}],"author":[{"embeddable":true,"href":"https:\/\/eskigazeteci.com\/index.php?rest_route=\/wp\/v2\/users\/2"}],"replies":[{"embeddable":true,"href":"https:\/\/eskigazeteci.com\/index.php?rest_route=%2Fwp%2Fv2%2Fcomments&post=29220"}],"version-history":[{"count":0,"href":"https:\/\/eskigazeteci.com\/index.php?rest_route=\/wp\/v2\/posts\/29220\/revisions"}],"wp:featuredmedia":[{"embeddable":true,"href":"https:\/\/eskigazeteci.com\/index.php?rest_route=\/wp\/v2\/media\/29219"}],"wp:attachment":[{"href":"https:\/\/eskigazeteci.com\/index.php?rest_route=%2Fwp%2Fv2%2Fmedia&parent=29220"}],"wp:term":[{"taxonomy":"category","embeddable":true,"href":"https:\/\/eskigazeteci.com\/index.php?rest_route=%2Fwp%2Fv2%2Fcategories&post=29220"},{"taxonomy":"post_tag","embeddable":true,"href":"https:\/\/eskigazeteci.com\/index.php?rest_route=%2Fwp%2Fv2%2Ftags&post=29220"}],"curies":[{"name":"wp","href":"https:\/\/api.w.org\/{rel}","templated":true}]}}