{"id":29218,"date":"2026-04-26T15:42:39","date_gmt":"2026-04-26T15:42:39","guid":{"rendered":"https:\/\/eskigazeteci.com\/?p=29218"},"modified":"2026-04-26T15:42:39","modified_gmt":"2026-04-26T15:42:39","slug":"sampiyon-erzurumspor-bandirmaspor-ile-yenisemedi","status":"publish","type":"post","link":"https:\/\/eskigazeteci.com\/?p=29218","title":{"rendered":"\u015eampiyon Erzurumspor, Band\u0131rmaspor ile yeni\u015femedi!"},"content":{"rendered":"<p>Trendyol 1. Lig &#x27;in 37. haftas\u0131nda ge\u00e7ti\u011fimiz hafta S\u00fcper Lig&#x27;e \u00e7\u0131kmay\u0131 garantileyen Erzurumspor, sahas\u0131nda Band\u0131rmaspor ile 1-1 berabere kald\u0131.<\/p>\n<p>Ma\u00e7tan dakikalar<\/p>\n<p>10. dakikada ev sahibi tak\u0131m\u0131n sol kanattan geli\u015ftirdi\u011fi atakta Sylla kaleciyi \u00e7al\u0131mlay\u0131p son \u00e7izgiye indi. Sylla&#x27;n\u0131n ortas\u0131nda, alt\u0131 pasta Benhur\u2019un kafa vuru\u015funa me\u015fin yuvarlak az farkla d\u0131\u015far\u0131 gitti. 29. dakikada Erzurumspor ata\u011f\u0131nda Benhur&#x27;un ceza sahas\u0131 i\u00e7erisinde yerde kald\u0131\u011f\u0131 pozisyonda hakem penalt\u0131 noktas\u0131n\u0131 g\u00f6sterdi. Ancak \u00f6ncesinde yard\u0131mc\u0131 hakemin ofsayt karar\u0131 sebebiyle penalt\u0131 karar\u0131 ge\u00e7erli say\u0131lmad\u0131. 57. dakikada orta sahadan geli\u015fen Band\u0131rmaspor ata\u011f\u0131nda Badji ceza sahas\u0131ndaki Fall&#x27;a oynad\u0131. Fall ceza sahas\u0131na girdi ve topu kalecinin solundan a\u011flara g\u00f6nderdi. Ancak ofsayt sebebiyle gol ge\u00e7erli say\u0131lmad\u0131. 83. dakikada sa\u011f kanattan geli\u015fen Band\u0131rmaspor ata\u011f\u0131nda Hikmet\u2019in ceza sahas\u0131na yapt\u0131\u011f\u0131 ortada alt\u0131pasta topla bulu\u015fan At\u0131n\u00e7&#x27;\u0131n kafa vuru\u015funda me\u015fin yuvarlak a\u011flarla bulu\u015ftu. 0-1 90+4. dakikada Orhan Ovac\u0131kl\u0131\u2019n\u0131n ceza sahas\u0131 \u00f6n taraf\u0131nda d\u00fc\u015f\u00fcr\u00fclmesi ile kazan\u0131lan serbest vuru\u015fu kullanan Eren Tozlu, sert ve d\u00fczg\u00fcn bir vuru\u015fla topu filelere g\u00f6nderdi. 1-1<\/p>\n<p>T\u00fcrkiye&#x27;den ve D\u00fcnya\u2019dan son dakika haberleri,&#8230;<\/p>\n","protected":false},"excerpt":{"rendered":"<p>Ge\u00e7en hafta S\u00fcper Lig&#8217;e y\u00fckselmeyi garantileyen Erzurum FK, Trendyol 1. Lig&#8217;in 37. haftas\u0131nda Band\u0131rmaspor ile evinde 1-1 berabere kald\u0131.<\/p>\n","protected":false},"author":2,"featured_media":29217,"comment_status":"open","ping_status":"open","sticky":false,"template":"","format":"standard","meta":{"footnotes":""},"categories":[8,5,7],"tags":[],"class_list":["post-29218","post","type-post","status-publish","format-standard","has-post-thumbnail","hentry","category-arsiv","category-son-dakika","category-spor"],"_links":{"self":[{"href":"https:\/\/eskigazeteci.com\/index.php?rest_route=\/wp\/v2\/posts\/29218","targetHints":{"allow":["GET"]}}],"collection":[{"href":"https:\/\/eskigazeteci.com\/index.php?rest_route=\/wp\/v2\/posts"}],"about":[{"href":"https:\/\/eskigazeteci.com\/index.php?rest_route=\/wp\/v2\/types\/post"}],"author":[{"embeddable":true,"href":"https:\/\/eskigazeteci.com\/index.php?rest_route=\/wp\/v2\/users\/2"}],"replies":[{"embeddable":true,"href":"https:\/\/eskigazeteci.com\/index.php?rest_route=%2Fwp%2Fv2%2Fcomments&post=29218"}],"version-history":[{"count":0,"href":"https:\/\/eskigazeteci.com\/index.php?rest_route=\/wp\/v2\/posts\/29218\/revisions"}],"wp:featuredmedia":[{"embeddable":true,"href":"https:\/\/eskigazeteci.com\/index.php?rest_route=\/wp\/v2\/media\/29217"}],"wp:attachment":[{"href":"https:\/\/eskigazeteci.com\/index.php?rest_route=%2Fwp%2Fv2%2Fmedia&parent=29218"}],"wp:term":[{"taxonomy":"category","embeddable":true,"href":"https:\/\/eskigazeteci.com\/index.php?rest_route=%2Fwp%2Fv2%2Fcategories&post=29218"},{"taxonomy":"post_tag","embeddable":true,"href":"https:\/\/eskigazeteci.com\/index.php?rest_route=%2Fwp%2Fv2%2Ftags&post=29218"}],"curies":[{"name":"wp","href":"https:\/\/api.w.org\/{rel}","templated":true}]}}