{"id":29214,"date":"2026-04-26T15:12:38","date_gmt":"2026-04-26T15:12:38","guid":{"rendered":"https:\/\/eskigazeteci.com\/?p=29214"},"modified":"2026-04-26T15:12:38","modified_gmt":"2026-04-26T15:12:38","slug":"kamyonet-ile-otomobil-carpisti-2-olu-3-yarali","status":"publish","type":"post","link":"https:\/\/eskigazeteci.com\/?p=29214","title":{"rendered":"Kamyonet ile otomobil \u00e7arp\u0131\u015ft\u0131: 2 \u00f6l\u00fc, 3 yaral\u0131"},"content":{"rendered":"<p>Kaza, \u00f6\u011fleden sonra il\u00e7eye ba\u011fl\u0131 Toytepe k\u00f6y\u00fc mevkiinde meydana geldi. S\u00fcr\u00fcc\u00fclerinin isimleri ve plakalar\u0131 hen\u00fcz \u00f6\u011frenilemeyen koyun y\u00fckl\u00fc kamyonet ile otomobil \u00e7arp\u0131\u015ft\u0131. Kamyonet devrilirken, otomobil tarlaya yuvarland\u0131.<\/p>\n<p>\u0130hbar \u00fczerine kaza yerine AFAD, Kurtalan Belediyesi \u0130tfaiye M\u00fcd\u00fcrl\u00fc\u011f\u00fc, sa\u011fl\u0131k, polis ve jandarma ekipleri sevk edildi. Sa\u011fl\u0131k ekiplerinin kontrol\u00fcnde, 2 ki\u015finin hayat\u0131n\u0131 kaybetti\u011fi belirlendi.<\/p>\n<p>Yaral\u0131 3 ki\u015fi ise ilk m\u00fcdahalenin ard\u0131ndan ambulanslarla hastaneye kald\u0131r\u0131ld\u0131. Yaral\u0131lar\u0131n hayati tehlikesinin bulundu\u011fu \u00f6\u011frenildi. Kazada kamyonetteki \u00e7ok say\u0131da koyunun da \u00f6ld\u00fc\u011f\u00fc belirtildi.<\/p>\n<p>Kazaya ili\u015fkin soru\u015fturma ba\u015flat\u0131ld\u0131.<\/p>\n<p>T\u00fcrkiye g\u00fcndeminden son dakika haberleri, bug\u00fcn ya\u015fanan en son geli\u015fmeler, siyaset g\u00fcndeminden g\u00fcncel haberler ve b\u00fct\u00fcn son dakika haberleri i\u00e7in H\u00fcrriyet&#x27;in internet haber sitesi hurriyet.com.tr; Hurriyet.com.tr haber i\u00e7erikleri kaynak g\u00f6sterilmeden al\u0131nt\u0131 yap\u0131lamaz, Kanuna ayk\u0131r\u0131 ve izinsiz olarak kopyalanamaz, ba\u015fka yerde yay\u0131nlanamaz.<\/p>\n","protected":false},"excerpt":{"rendered":"<p>Siirt\u2019in Kurtalan il\u00e7esinde koyun y\u00fckl\u00fc kamyonet ile otomobilin \u00e7arp\u0131\u015ft\u0131\u011f\u0131 kazada 2 ki\u015fi \u00f6ld\u00fc, 3 ki\u015fi a\u011f\u0131r yaraland\u0131.<\/p>\n","protected":false},"author":2,"featured_media":29213,"comment_status":"open","ping_status":"open","sticky":false,"template":"","format":"standard","meta":{"footnotes":""},"categories":[8,6,5],"tags":[],"class_list":["post-29214","post","type-post","status-publish","format-standard","has-post-thumbnail","hentry","category-arsiv","category-gundem","category-son-dakika"],"_links":{"self":[{"href":"https:\/\/eskigazeteci.com\/index.php?rest_route=\/wp\/v2\/posts\/29214","targetHints":{"allow":["GET"]}}],"collection":[{"href":"https:\/\/eskigazeteci.com\/index.php?rest_route=\/wp\/v2\/posts"}],"about":[{"href":"https:\/\/eskigazeteci.com\/index.php?rest_route=\/wp\/v2\/types\/post"}],"author":[{"embeddable":true,"href":"https:\/\/eskigazeteci.com\/index.php?rest_route=\/wp\/v2\/users\/2"}],"replies":[{"embeddable":true,"href":"https:\/\/eskigazeteci.com\/index.php?rest_route=%2Fwp%2Fv2%2Fcomments&post=29214"}],"version-history":[{"count":0,"href":"https:\/\/eskigazeteci.com\/index.php?rest_route=\/wp\/v2\/posts\/29214\/revisions"}],"wp:featuredmedia":[{"embeddable":true,"href":"https:\/\/eskigazeteci.com\/index.php?rest_route=\/wp\/v2\/media\/29213"}],"wp:attachment":[{"href":"https:\/\/eskigazeteci.com\/index.php?rest_route=%2Fwp%2Fv2%2Fmedia&parent=29214"}],"wp:term":[{"taxonomy":"category","embeddable":true,"href":"https:\/\/eskigazeteci.com\/index.php?rest_route=%2Fwp%2Fv2%2Fcategories&post=29214"},{"taxonomy":"post_tag","embeddable":true,"href":"https:\/\/eskigazeteci.com\/index.php?rest_route=%2Fwp%2Fv2%2Ftags&post=29214"}],"curies":[{"name":"wp","href":"https:\/\/api.w.org\/{rel}","templated":true}]}}