{"id":29202,"date":"2026-04-26T14:42:10","date_gmt":"2026-04-26T14:42:10","guid":{"rendered":"https:\/\/eskigazeteci.com\/?p=29202"},"modified":"2026-04-26T14:42:10","modified_gmt":"2026-04-26T14:42:10","slug":"beykozda-ormanlik-alanda-yangin-cikis","status":"publish","type":"post","link":"https:\/\/eskigazeteci.com\/?p=29202","title":{"rendered":"Beykoz&#8217;da Ormanl\u0131k Alanda Yang\u0131n \u00c7\u0131k\u0131\u015f"},"content":{"rendered":"<p>Beykoz K\u0131l\u0131\u00e7l\u0131 Mahallesi&#x27;nde bulunan ormanl\u0131k alanda yang\u0131n \u00e7\u0131kt\u0131. \u0130hbar \u00fczerine olay yerine itfaiye ve polis ekippleri sevk edildi.<\/p>\n","protected":false},"excerpt":{"rendered":"<p>K\u0131l\u0131\u00e7l\u0131 Mahallesi&#8217;nde bulunan ormanl\u0131k alanda yang\u0131n \u00e7\u0131kt\u0131. \u0130hbar \u00fczerine itfaiye ve polis ekipleri sevk edildi.<\/p>\n","protected":false},"author":2,"featured_media":29201,"comment_status":"open","ping_status":"open","sticky":false,"template":"","format":"standard","meta":{"footnotes":""},"categories":[6,5],"tags":[],"class_list":["post-29202","post","type-post","status-publish","format-standard","has-post-thumbnail","hentry","category-gundem","category-son-dakika"],"_links":{"self":[{"href":"https:\/\/eskigazeteci.com\/index.php?rest_route=\/wp\/v2\/posts\/29202","targetHints":{"allow":["GET"]}}],"collection":[{"href":"https:\/\/eskigazeteci.com\/index.php?rest_route=\/wp\/v2\/posts"}],"about":[{"href":"https:\/\/eskigazeteci.com\/index.php?rest_route=\/wp\/v2\/types\/post"}],"author":[{"embeddable":true,"href":"https:\/\/eskigazeteci.com\/index.php?rest_route=\/wp\/v2\/users\/2"}],"replies":[{"embeddable":true,"href":"https:\/\/eskigazeteci.com\/index.php?rest_route=%2Fwp%2Fv2%2Fcomments&post=29202"}],"version-history":[{"count":0,"href":"https:\/\/eskigazeteci.com\/index.php?rest_route=\/wp\/v2\/posts\/29202\/revisions"}],"wp:featuredmedia":[{"embeddable":true,"href":"https:\/\/eskigazeteci.com\/index.php?rest_route=\/wp\/v2\/media\/29201"}],"wp:attachment":[{"href":"https:\/\/eskigazeteci.com\/index.php?rest_route=%2Fwp%2Fv2%2Fmedia&parent=29202"}],"wp:term":[{"taxonomy":"category","embeddable":true,"href":"https:\/\/eskigazeteci.com\/index.php?rest_route=%2Fwp%2Fv2%2Fcategories&post=29202"},{"taxonomy":"post_tag","embeddable":true,"href":"https:\/\/eskigazeteci.com\/index.php?rest_route=%2Fwp%2Fv2%2Ftags&post=29202"}],"curies":[{"name":"wp","href":"https:\/\/api.w.org\/{rel}","templated":true}]}}