{"id":292,"date":"2026-02-09T10:53:30","date_gmt":"2026-02-09T10:53:30","guid":{"rendered":"https:\/\/eskigazeteci.com\/?p=292"},"modified":"2026-02-09T10:53:30","modified_gmt":"2026-02-09T10:53:30","slug":"haber-121","status":"publish","type":"post","link":"https:\/\/eskigazeteci.com\/?p=292","title":{"rendered":"Haber"},"content":{"rendered":"<p>\u0130srail\u2019in Gazze \u015eeridi\u2019ne y\u00f6nelik sald\u0131r\u0131lar\u0131, binlerce Filistinlinin ailelerini, bedenlerini ve hayallerini enkaz alt\u0131nda b\u0131rakt\u0131.<\/p>\n<p>Nusayrat M\u00fclteci Kamp\u0131\u2019nda ya\u015fayan Atiyye, \u0130srail sald\u0131r\u0131s\u0131nda y\u0131k\u0131lan evin enkaz\u0131ndan \u00e7\u0131kar\u0131ld\u0131\u011f\u0131nda \u00f6ld\u00fc san\u0131l\u0131p kefenlenerek morga kald\u0131r\u0131ld\u0131.<\/p>\n<p>Kendine gelip hareket etti\u011finde ya\u015fad\u0131\u011f\u0131 anla\u015f\u0131lan Atiyye, tedavi alt\u0131na al\u0131narak ya\u015fama tutundu ancak sald\u0131r\u0131da kaybetti\u011fi sevdikleri ve y\u00fcz\u00fcnde ta\u015f\u0131d\u0131\u011f\u0131 yara izleriyle hayat\u0131 art\u0131k zor bir m\u00fccadeleye d\u00f6n\u00fc\u015ft\u00fc.<\/p>\n<p>Sald\u0131r\u0131 sonucu sa\u011f g\u00f6z\u00fcn\u00fc ve y\u00fcz\u00fcn\u00fcn bir k\u0131sm\u0131n\u0131 kaybeden Filistinli kad\u0131n, aylar sonra k\u00fc\u00e7\u00fck k\u0131z\u0131n\u0131n y\u00fcz\u00fcn\u00fc g\u00f6rd\u00fc\u011f\u00fcnde korkarak a\u011flad\u0131\u011f\u0131n\u0131, sald\u0131r\u0131n\u0131n izlerinin yaln\u0131zca bedeninde de\u011fil, annelik ba\u011f\u0131nda da derin yaralar a\u00e7t\u0131\u011f\u0131n\u0131 s\u00f6yledi.<\/p>\n<p>Filistinli anne art\u0131k tek dile\u011finin \u00e7ocuklar\u0131n\u0131n ona korkmadan sar\u0131labilmesi i\u00e7in uygun tedaviye ula\u015fabilmek oldu\u011funu belirtti.<\/p>\n<p>F\u0130L\u0130ST\u0130NL\u0130 S\u0130V\u0130LLERE SALDIRI<\/p>\n<p>Ya\u015fad\u0131\u011f\u0131 korkun\u00e7 travmay\u0131 anlatan Atiyye, ailesiyle birlikte evde uyuduklar\u0131 s\u0131rada hi\u00e7bir uyar\u0131 ya da \u00e7at\u0131\u015fma olmaks\u0131z\u0131n hedef al\u0131nd\u0131klar\u0131n\u0131 s\u00f6yledi.<\/p>\n<p>Atiyye, sald\u0131r\u0131da 6 ya\u015f\u0131ndaki k\u0131z\u0131, kay\u0131nvalidesi, e\u015finin karde\u015fi ile bir akrabas\u0131n\u0131n \u00f6ld\u00fc\u011f\u00fcn\u00fc, di\u011fer \u00e7ocuklar\u0131n\u0131n ise yaral\u0131 olarak kurtar\u0131ld\u0131\u011f\u0131n\u0131 ifade ederek \u015funlar\u0131 aktard\u0131:<\/p>\n<p>&quot;Beni enkaz\u0131n alt\u0131ndan \u00e7\u0131kard\u0131klar\u0131nda \u00f6ld\u00fc\u011f\u00fcm\u00fc sand\u0131lar. Avde Hastanesi\u2019ne g\u00f6t\u00fcr\u00fcp kefenlediler. Ate\u015fkes s\u0131ras\u0131nda elimle ve y\u00fcz\u00fcmle hafif\u00e7e hareket edince nefes ald\u0131\u011f\u0131m\u0131 fark ettiler. Bunun \u00fczerine beni morgdan \u00e7\u0131kar\u0131p Deyr el-Belah\u2019taki Aksa \u015eehitleri Hastanesi\u2019ne naklettiler.&quot;<\/p>\n<p>Birka\u00e7 g\u00fcn yo\u011fun bak\u0131mda kald\u0131\u011f\u0131n\u0131 dile getiren Atiyye, uyand\u0131\u011f\u0131nda ba\u015f\u0131na gelenleri hat\u0131rlamad\u0131\u011f\u0131n\u0131 s\u00f6yledi.<\/p>\n<p>Filistinli anne, uzun s\u00fcre bilincinin kapal\u0131 kald\u0131\u011f\u0131n\u0131 ve haf\u0131zas\u0131n\u0131n yava\u015f yava\u015f geri geldi\u011fini belirterek, en \u00e7ok \u00e7ocuklar\u0131n\u0131 sordu\u011funu, ancak hastanede kendisine ger\u00e7e\u011fin haftalarca s\u00f6ylenmedi\u011fini, k\u0131z\u0131n\u0131n ya\u015fad\u0131\u011f\u0131na inand\u0131r\u0131ld\u0131\u011f\u0131n\u0131 anlatt\u0131.<\/p>\n<p>&#x27;\u00c7OK A\u011eLADIM&#x27;<\/p>\n<p>Atiyye, &quot;Ger\u00e7ekle y\u00fczle\u015fmem, hem ailemi hem de kendimi kaybetti\u011fimi fark etti\u011fim anda ba\u015flad\u0131. Sald\u0131r\u0131 sonucu bir g\u00f6z\u00fcm\u00fc tamamen kaybettim. Y\u00fcz\u00fcmde ve boynumda a\u011f\u0131r k\u0131r\u0131klar olu\u015ftu, retinamda kal\u0131c\u0131 hasar meydana geldi.&quot; dedi.<\/p>\n<p>Aylar sonra doktordan ayna istedi\u011fini anlatan Atiyye, y\u00fcz\u00fcn\u00fc g\u00f6rd\u00fc\u011f\u00fc an ya\u015fad\u0131\u011f\u0131 duyguyu \u015fu s\u00f6zlerle dile getirdi:<\/p>\n<p>&quot;Y\u00fcz\u00fcm\u00fcn bu halde oldu\u011funu g\u00f6r\u00fcnce y\u0131k\u0131ld\u0131m. \u00c7ok a\u011flad\u0131m. Kendimi hi\u00e7 b\u00f6yle hayal etmemi\u015ftim.&quot;<\/p>\n<p>Filistinli kad\u0131n , ya\u015fad\u0131\u011f\u0131 travman\u0131n yaln\u0131zca fiziksel olmad\u0131\u011f\u0131n\u0131, psikolojik olarak da b\u00fcy\u00fck bir \u00e7\u00f6k\u00fc\u015f ya\u015fad\u0131\u011f\u0131n\u0131 ifade ederek, insanlardan uzakla\u015ft\u0131\u011f\u0131n\u0131, \u00e7ocuklar\u0131na kar\u015f\u0131 eskisi gibi sab\u0131rl\u0131 olamad\u0131\u011f\u0131n\u0131, bunun da kendisini daha da yaralad\u0131\u011f\u0131n\u0131 s\u00f6yledi.<\/p>\n<p>En ac\u0131 anlardan birinin ise aylar sonra k\u00fc\u00e7\u00fck k\u0131z\u0131n\u0131n y\u00fcz\u00fcn\u00fc g\u00f6rd\u00fc\u011f\u00fcnde ya\u015fand\u0131\u011f\u0131n\u0131 belirten Filistinli anne, \u00e7ocu\u011funun korkarak a\u011flad\u0131\u011f\u0131n\u0131 anlatt\u0131. Filistinli anne, sald\u0131r\u0131n\u0131n izlerinin yaln\u0131zca bedeninde de\u011fil, annelik ba\u011f\u0131nda da derin yaralar a\u00e7t\u0131\u011f\u0131n\u0131 s\u00f6yledi.<\/p>\n<p>DER\u0130N VE TAR\u0130FS\u0130Z ACI<\/p>\n<p>Atiyye, sald\u0131r\u0131 s\u0131ras\u0131nda hen\u00fcz d\u00f6rt ayl\u0131k olan k\u00fc\u00e7\u00fck k\u0131z\u0131n\u0131n uzun s\u00fcre teyzesinin yan\u0131nda kald\u0131\u011f\u0131n\u0131, aradan ge\u00e7en aylara ra\u011fmen bu ayr\u0131l\u0131\u011f\u0131n izlerinin silinmedi\u011fini anlatt\u0131.<\/p>\n<p>\u015eimdi yakla\u015f\u0131k iki ya\u015f\u0131nda olan \u00e7ocu\u011fun, her u\u00e7ak sesi duyu\u015funda korkuyla g\u00f6ky\u00fcz\u00fcn\u00fc i\u015faret etti\u011fini, teyzesine ise &quot;anne&quot; diye seslendi\u011fini s\u00f6yleyen Atiyye, bu sahnelere tan\u0131k olman\u0131n y\u00fcre\u011finde derin ve tarifsiz bir ac\u0131 b\u0131rakt\u0131\u011f\u0131n\u0131 ifade etti.<\/p>\n<p>D\u00f6rt ay sonra kendisine bir g\u00f6z protezi modeli yap\u0131lan Atiyye, h\u00e2l\u00e2 fizik tedavi s\u00fcrecinde oldu\u011funu belirterek, y\u00fcz\u00fcndeki hasar nedeniyle yemek yemekte zorland\u0131\u011f\u0131n\u0131, yaln\u0131zca yumu\u015fak g\u0131dalarla beslenebildi\u011fini aktard\u0131.<\/p>\n<p>G\u00fcnlerinin b\u00fcy\u00fck b\u00f6l\u00fcm\u00fcn\u00fc tedavi ve bekleyi\u015fle ge\u00e7iren Atiyye, en b\u00fcy\u00fck umudunun ise Gazze d\u0131\u015f\u0131na \u00e7\u0131k\u0131p tedavi olabilmek oldu\u011funu dile getirdi.<\/p>\n<p>&quot;Tek dile\u011fim, \u00e7ocuklar\u0131m\u0131n bana korkmadan sar\u0131labilmesi.&quot; diyen Filistinli anne, uluslararas\u0131 toplumdan Gazze d\u0131\u015f\u0131na \u00e7\u0131kar\u0131l\u0131p tedavi olmas\u0131 i\u00e7in yard\u0131m bekliyor.<\/p>\n<p>Yurtd\u0131\u015f\u0131nda ya\u015fanan en son olaylar, d\u00fcnya g\u00fcndemine oturan d\u0131\u015f haberler, son dakika d\u00fcnya haberleri, di\u011fer d\u00fcnya \u00fclkelerinden g\u00fcncel haberler i\u00e7in T\u00fcrkiye&#x27;nin haber sitesi hurriyet.com.tr; Hurriyet.com.tr haber i\u00e7erikleri kaynak g\u00f6sterilmeden al\u0131nt\u0131 yap\u0131lamaz, Kanuna ayk\u0131r\u0131 ve izinsiz olarak kopyalanamaz, ba\u015fka yerde yay\u0131nlanamaz.<\/p>\n","protected":false},"excerpt":{"rendered":"<p>\u0130srail&#8217;in Gazze \u015eeridi\u2019nin orta kesimindeki Nusayrat M\u00fclteci Kamp\u0131\u2019na d\u00fczenledi\u011fi sald\u0131r\u0131da a\u011f\u0131r yaralan\u0131p \u00f6ld\u00fc san\u0131larak morga kald\u0131r\u0131lan Filistinli Necva&#8230;<\/p>\n","protected":false},"author":2,"featured_media":291,"comment_status":"open","ping_status":"open","sticky":false,"template":"","format":"standard","meta":{"footnotes":""},"categories":[8,3],"tags":[],"class_list":["post-292","post","type-post","status-publish","format-standard","has-post-thumbnail","hentry","category-arsiv","category-siyaset"],"_links":{"self":[{"href":"https:\/\/eskigazeteci.com\/index.php?rest_route=\/wp\/v2\/posts\/292","targetHints":{"allow":["GET"]}}],"collection":[{"href":"https:\/\/eskigazeteci.com\/index.php?rest_route=\/wp\/v2\/posts"}],"about":[{"href":"https:\/\/eskigazeteci.com\/index.php?rest_route=\/wp\/v2\/types\/post"}],"author":[{"embeddable":true,"href":"https:\/\/eskigazeteci.com\/index.php?rest_route=\/wp\/v2\/users\/2"}],"replies":[{"embeddable":true,"href":"https:\/\/eskigazeteci.com\/index.php?rest_route=%2Fwp%2Fv2%2Fcomments&post=292"}],"version-history":[{"count":0,"href":"https:\/\/eskigazeteci.com\/index.php?rest_route=\/wp\/v2\/posts\/292\/revisions"}],"wp:featuredmedia":[{"embeddable":true,"href":"https:\/\/eskigazeteci.com\/index.php?rest_route=\/wp\/v2\/media\/291"}],"wp:attachment":[{"href":"https:\/\/eskigazeteci.com\/index.php?rest_route=%2Fwp%2Fv2%2Fmedia&parent=292"}],"wp:term":[{"taxonomy":"category","embeddable":true,"href":"https:\/\/eskigazeteci.com\/index.php?rest_route=%2Fwp%2Fv2%2Fcategories&post=292"},{"taxonomy":"post_tag","embeddable":true,"href":"https:\/\/eskigazeteci.com\/index.php?rest_route=%2Fwp%2Fv2%2Ftags&post=292"}],"curies":[{"name":"wp","href":"https:\/\/api.w.org\/{rel}","templated":true}]}}