{"id":29198,"date":"2026-04-26T14:22:38","date_gmt":"2026-04-26T14:22:38","guid":{"rendered":"https:\/\/eskigazeteci.com\/?p=29198"},"modified":"2026-04-26T14:22:38","modified_gmt":"2026-04-26T14:22:38","slug":"ekip-motosikleti-otomobille-carpisti-2-polis-yarali","status":"publish","type":"post","link":"https:\/\/eskigazeteci.com\/?p=29198","title":{"rendered":"Ekip motosikleti otomobille \u00e7arp\u0131\u015ft\u0131: 2 polis yaral\u0131"},"content":{"rendered":"<p>Kaza, 15.30 s\u0131ralar\u0131nda \u00dc\u00e7ba\u011flar Mahallesi&#x27;nde meydana geldi. Yunus Timi\u2019ne ait motosiklet ile s\u00fcr\u00fcc\u00fcs\u00fc \u00f6\u011frenilemeyen 34 DRM 482 plakal\u0131 otomobil \u00e7arp\u0131\u015ft\u0131. Kazada, 2 polis memuru yaraland\u0131.<\/p>\n<p>POL\u0130SLER\u0130N SA\u011eLIK DURUMU \u0130Y\u0130<\/p>\n<p>\u00c7evredekilerin ihbar\u0131 \u00fczerine kaza yerine sa\u011fl\u0131k ve polis ekipler sevk edildi. Yaral\u0131lar sa\u011fl\u0131k ekiplerinin ilk m\u00fcdahalesi sonras\u0131 hastaneye kald\u0131r\u0131ld\u0131. Tedaviye al\u0131nan polislerin sa\u011fl\u0131k durumlar\u0131n\u0131n iyi oldu\u011fu \u00f6\u011frenildi.<\/p>\n<p>Kazaya ili\u015fkin inceleme ba\u015flat\u0131ld\u0131.<\/p>\n<p>T\u00fcrkiye g\u00fcndeminden son dakika haberleri, bug\u00fcn ya\u015fanan en son geli\u015fmeler, siyaset g\u00fcndeminden g\u00fcncel haberler ve b\u00fct\u00fcn son dakika haberleri i\u00e7in H\u00fcrriyet&#x27;in internet haber sitesi hurriyet.com.tr; Hurriyet.com.tr haber i\u00e7erikleri kaynak g\u00f6sterilmeden al\u0131nt\u0131 yap\u0131lamaz, Kanuna ayk\u0131r\u0131 ve izinsiz olarak kopyalanamaz, ba\u015fka yerde yay\u0131nlanamaz.<\/p>\n","protected":false},"excerpt":{"rendered":"<p>Malatya&#8217;n\u0131n Battalgazi il\u00e7esinde otomobil ile Yunus polislerinin motosikleti \u00e7arp\u0131\u015ft\u0131. Kazada 2 polis yaraland\u0131.<\/p>\n","protected":false},"author":2,"featured_media":29197,"comment_status":"open","ping_status":"open","sticky":false,"template":"","format":"standard","meta":{"footnotes":""},"categories":[8,6,5],"tags":[],"class_list":["post-29198","post","type-post","status-publish","format-standard","has-post-thumbnail","hentry","category-arsiv","category-gundem","category-son-dakika"],"_links":{"self":[{"href":"https:\/\/eskigazeteci.com\/index.php?rest_route=\/wp\/v2\/posts\/29198","targetHints":{"allow":["GET"]}}],"collection":[{"href":"https:\/\/eskigazeteci.com\/index.php?rest_route=\/wp\/v2\/posts"}],"about":[{"href":"https:\/\/eskigazeteci.com\/index.php?rest_route=\/wp\/v2\/types\/post"}],"author":[{"embeddable":true,"href":"https:\/\/eskigazeteci.com\/index.php?rest_route=\/wp\/v2\/users\/2"}],"replies":[{"embeddable":true,"href":"https:\/\/eskigazeteci.com\/index.php?rest_route=%2Fwp%2Fv2%2Fcomments&post=29198"}],"version-history":[{"count":0,"href":"https:\/\/eskigazeteci.com\/index.php?rest_route=\/wp\/v2\/posts\/29198\/revisions"}],"wp:featuredmedia":[{"embeddable":true,"href":"https:\/\/eskigazeteci.com\/index.php?rest_route=\/wp\/v2\/media\/29197"}],"wp:attachment":[{"href":"https:\/\/eskigazeteci.com\/index.php?rest_route=%2Fwp%2Fv2%2Fmedia&parent=29198"}],"wp:term":[{"taxonomy":"category","embeddable":true,"href":"https:\/\/eskigazeteci.com\/index.php?rest_route=%2Fwp%2Fv2%2Fcategories&post=29198"},{"taxonomy":"post_tag","embeddable":true,"href":"https:\/\/eskigazeteci.com\/index.php?rest_route=%2Fwp%2Fv2%2Ftags&post=29198"}],"curies":[{"name":"wp","href":"https:\/\/api.w.org\/{rel}","templated":true}]}}