{"id":29196,"date":"2026-04-26T14:12:32","date_gmt":"2026-04-26T14:12:32","guid":{"rendered":"https:\/\/eskigazeteci.com\/?p=29196"},"modified":"2026-04-26T14:12:32","modified_gmt":"2026-04-26T14:12:32","slug":"istanbuldaki-kahvehanede-yasandi-yanlis-anlayip-can-havli-ile-kactilar","status":"publish","type":"post","link":"https:\/\/eskigazeteci.com\/?p=29196","title":{"rendered":"\u0130stanbul&#8217;daki kahvehanede ya\u015fand\u0131: Yanl\u0131\u015f anlay\u0131p can havli ile ka\u00e7t\u0131lar"},"content":{"rendered":"<p>Olay, d\u00fcn saat 20.40 s\u0131ralar\u0131nda 50. Y\u0131l Mahallesi\u2019nde bulunan bir kahvehanede meydana geldi. Sokaktan ge\u00e7en hafif ticari arac\u0131n ses sisteminden \u00e7\u0131kan y\u00fcksek ses nedeniyle kahvehanenin camlar\u0131nda titreme olu\u015ftu. Bunun \u00fczerine deprem oldu\u011funu d\u00fc\u015f\u00fcnen m\u00fc\u015fteriler panikle d\u0131\u015far\u0131 ka\u00e7t\u0131.<\/p>\n<p>M\u00dc\u015eTER\u0130LER\u0130N PAN\u0130K ANI KAMERADA<\/p>\n<p>Kahvehanenin g\u00fcvenlik kameras\u0131na yans\u0131yan g\u00f6r\u00fcnt\u00fclerde, deprem oldu\u011funu d\u00fc\u015f\u00fcnen m\u00fc\u015fterilerin masa ve sandalyeleri devirip panikle d\u0131\u015far\u0131 ka\u00e7t\u0131klar\u0131 anlar yer ald\u0131.<\/p>\n<p>T\u00fcrkiye g\u00fcndeminden son dakika haberleri, bug\u00fcn ya\u015fanan en son geli\u015fmeler, siyaset g\u00fcndeminden g\u00fcncel haberler ve b\u00fct\u00fcn son dakika haberleri i\u00e7in H\u00fcrriyet&#x27;in internet haber sitesi hurriyet.com.tr; Hurriyet.com.tr haber i\u00e7erikleri kaynak g\u00f6sterilmeden al\u0131nt\u0131 yap\u0131lamaz, Kanuna ayk\u0131r\u0131 ve izinsiz olarak kopyalanamaz, ba\u015fka yerde yay\u0131nlanamaz.<\/p>\n","protected":false},"excerpt":{"rendered":"<p>Sultangazi\u2019de sokaktan ge\u00e7en bir ara\u00e7tan \u00e7\u0131kan y\u00fcksek ses, kahvehanenin camlar\u0131n\u0131 titretti. Deprem oldu\u011funu sanan m\u00fc\u015fteriler panikle d\u0131\u015far\u0131 ka\u00e7t\u0131. O anlar&#8230;<\/p>\n","protected":false},"author":2,"featured_media":29195,"comment_status":"open","ping_status":"open","sticky":false,"template":"","format":"standard","meta":{"footnotes":""},"categories":[8,6,5],"tags":[],"class_list":["post-29196","post","type-post","status-publish","format-standard","has-post-thumbnail","hentry","category-arsiv","category-gundem","category-son-dakika"],"_links":{"self":[{"href":"https:\/\/eskigazeteci.com\/index.php?rest_route=\/wp\/v2\/posts\/29196","targetHints":{"allow":["GET"]}}],"collection":[{"href":"https:\/\/eskigazeteci.com\/index.php?rest_route=\/wp\/v2\/posts"}],"about":[{"href":"https:\/\/eskigazeteci.com\/index.php?rest_route=\/wp\/v2\/types\/post"}],"author":[{"embeddable":true,"href":"https:\/\/eskigazeteci.com\/index.php?rest_route=\/wp\/v2\/users\/2"}],"replies":[{"embeddable":true,"href":"https:\/\/eskigazeteci.com\/index.php?rest_route=%2Fwp%2Fv2%2Fcomments&post=29196"}],"version-history":[{"count":0,"href":"https:\/\/eskigazeteci.com\/index.php?rest_route=\/wp\/v2\/posts\/29196\/revisions"}],"wp:featuredmedia":[{"embeddable":true,"href":"https:\/\/eskigazeteci.com\/index.php?rest_route=\/wp\/v2\/media\/29195"}],"wp:attachment":[{"href":"https:\/\/eskigazeteci.com\/index.php?rest_route=%2Fwp%2Fv2%2Fmedia&parent=29196"}],"wp:term":[{"taxonomy":"category","embeddable":true,"href":"https:\/\/eskigazeteci.com\/index.php?rest_route=%2Fwp%2Fv2%2Fcategories&post=29196"},{"taxonomy":"post_tag","embeddable":true,"href":"https:\/\/eskigazeteci.com\/index.php?rest_route=%2Fwp%2Fv2%2Ftags&post=29196"}],"curies":[{"name":"wp","href":"https:\/\/api.w.org\/{rel}","templated":true}]}}