{"id":29194,"date":"2026-04-26T14:02:35","date_gmt":"2026-04-26T14:02:35","guid":{"rendered":"https:\/\/eskigazeteci.com\/?p=29194"},"modified":"2026-04-26T14:02:35","modified_gmt":"2026-04-26T14:02:35","slug":"gorevli-oldugu-hastanede-tedavi-goruyordu-doktor-ozlem-hayatini-kaybetti","status":"publish","type":"post","link":"https:\/\/eskigazeteci.com\/?p=29194","title":{"rendered":"G\u00f6revli oldu\u011fu hastanede tedavi g\u00f6r\u00fcyordu: Doktor \u00d6zlem hayat\u0131n\u0131 kaybetti"},"content":{"rendered":"<p>Karadeniz Teknik \u00dcniversitesi (KT\u00dc) T\u0131p Fak\u00fcltesi Aile Hekimli\u011fi Anabilim Dal\u0131\u2019nda g\u00f6rev yapan Asistan Doktor \u00d6zlem \u00c7ek\u00fc\u00e7, beyninde tespit edilen kitle nedeniyle tedavi g\u00f6rd\u00fc\u011f\u00fc ayn\u0131 hastanede d\u00fcn ya\u015fam\u0131n\u0131 yitirdi. \u00c7ek\u00fc\u00e7\u2019\u00fcn \u00f6l\u00fcm\u00fc, meslekta\u015flar\u0131 ve yak\u0131n \u00e7evresinde b\u00fcy\u00fck \u00fcz\u00fcnt\u00fc yaratt\u0131.<\/p>\n<p>\u00d6zlem \u00c7ek\u00fc\u00e7 \u2019\u00fcn cenazesi, i\u015flemlerinin ard\u0131ndan bug\u00fcn memleketi Ordu\u2019ya getirildi. \u00c7ek\u00fc\u00e7 i\u00e7in Alt\u0131nordu il\u00e7esindeki \u0130mam Hatip Camii\u2019nde \u00f6\u011fle namaz\u0131 sonras\u0131 cenaze namaz\u0131 k\u0131l\u0131nd\u0131. Namaz\u0131n ard\u0131ndan \u00d6zlem \u00c7ek\u00fc\u00e7, Kabad\u00fcz il\u00e7esi Ye\u015filada Mahallesi Bakacakalt\u0131 mevkiindeki aile kabristanl\u0131\u011f\u0131nda topra\u011fa verildi.<\/p>\n<p>T\u00fcrkiye g\u00fcndeminden son dakika haberleri, bug\u00fcn ya\u015fanan en son geli\u015fmeler, siyaset g\u00fcndeminden g\u00fcncel haberler ve b\u00fct\u00fcn son dakika haberleri i\u00e7in H\u00fcrriyet&#x27;in internet haber sitesi hurriyet.com.tr; Hurriyet.com.tr haber i\u00e7erikleri kaynak g\u00f6sterilmeden al\u0131nt\u0131 yap\u0131lamaz, Kanuna ayk\u0131r\u0131 ve izinsiz olarak kopyalanamaz, ba\u015fka yerde yay\u0131nlanamaz.<\/p>\n","protected":false},"excerpt":{"rendered":"<p>Trabzon\u2019da Asistan Doktor \u00d6zlem \u00c7ek\u00fc\u00e7 (25), beynindeki kitle nedeniyle bir s\u00fcredir tedavi g\u00f6rd\u00fc\u011f\u00fc hastanede ya\u015fam\u0131n\u0131 yitirdi. \u00c7ek\u00fc\u00e7, memleketi Ordu\u2019da son&#8230;<\/p>\n","protected":false},"author":2,"featured_media":29193,"comment_status":"open","ping_status":"open","sticky":false,"template":"","format":"standard","meta":{"footnotes":""},"categories":[8,6,5],"tags":[],"class_list":["post-29194","post","type-post","status-publish","format-standard","has-post-thumbnail","hentry","category-arsiv","category-gundem","category-son-dakika"],"_links":{"self":[{"href":"https:\/\/eskigazeteci.com\/index.php?rest_route=\/wp\/v2\/posts\/29194","targetHints":{"allow":["GET"]}}],"collection":[{"href":"https:\/\/eskigazeteci.com\/index.php?rest_route=\/wp\/v2\/posts"}],"about":[{"href":"https:\/\/eskigazeteci.com\/index.php?rest_route=\/wp\/v2\/types\/post"}],"author":[{"embeddable":true,"href":"https:\/\/eskigazeteci.com\/index.php?rest_route=\/wp\/v2\/users\/2"}],"replies":[{"embeddable":true,"href":"https:\/\/eskigazeteci.com\/index.php?rest_route=%2Fwp%2Fv2%2Fcomments&post=29194"}],"version-history":[{"count":0,"href":"https:\/\/eskigazeteci.com\/index.php?rest_route=\/wp\/v2\/posts\/29194\/revisions"}],"wp:featuredmedia":[{"embeddable":true,"href":"https:\/\/eskigazeteci.com\/index.php?rest_route=\/wp\/v2\/media\/29193"}],"wp:attachment":[{"href":"https:\/\/eskigazeteci.com\/index.php?rest_route=%2Fwp%2Fv2%2Fmedia&parent=29194"}],"wp:term":[{"taxonomy":"category","embeddable":true,"href":"https:\/\/eskigazeteci.com\/index.php?rest_route=%2Fwp%2Fv2%2Fcategories&post=29194"},{"taxonomy":"post_tag","embeddable":true,"href":"https:\/\/eskigazeteci.com\/index.php?rest_route=%2Fwp%2Fv2%2Ftags&post=29194"}],"curies":[{"name":"wp","href":"https:\/\/api.w.org\/{rel}","templated":true}]}}