{"id":29192,"date":"2026-04-26T13:52:31","date_gmt":"2026-04-26T13:52:31","guid":{"rendered":"https:\/\/eskigazeteci.com\/?p=29192"},"modified":"2026-04-26T13:52:31","modified_gmt":"2026-04-26T13:52:31","slug":"macronun-yunanistan-ziyareti-elestirilerin-odaginda","status":"publish","type":"post","link":"https:\/\/eskigazeteci.com\/?p=29192","title":{"rendered":"Macron&#8217;un Yunanistan ziyareti ele\u015ftirilerin oda\u011f\u0131nda"},"content":{"rendered":"<p>Partiden yap\u0131lan a\u00e7\u0131klamada, Ba\u015fbakan Kiryakos Mi\u00e7otakis ile Macron aras\u0131nda imzalanan anla\u015fmalar\u0131n Frans\u0131z ve Yunan \u015firketlerinin ticari \u00e7\u0131karlar\u0131na hizmet etti\u011fi ve \u00fclkenin uluslararas\u0131 \u00e7at\u0131\u015fmalara daha fazla dahil olmas\u0131na yol a\u00e7t\u0131\u011f\u0131 iddia edildi.<\/p>\n<p>A\u00e7\u0131klamada, Yunanistan-Fransa askeri stratejik i\u015fbirli\u011finin g\u00fc\u00e7lendirilmesinin, Orta Do\u011fu, Ukrayna ve Afrika\u2019daki \u00e7at\u0131\u015fmalara ortak kat\u0131l\u0131m riskini art\u0131rd\u0131\u011f\u0131 kaydedildi.<\/p>\n<p>&#x27;N\u00dcKLEER \u015eEMS\u0130YE&#x27; END\u0130\u015eES\u0130<\/p>\n<p>Yunanistan\u2019\u0131n, Fransa\u2019n\u0131n &quot;n\u00fckleer \u015femsiyesi&quot;ne dahil edilmesinin \u00fclkede n\u00fckleer silahlar\u0131n konu\u015fland\u0131r\u0131lmas\u0131 riskini beraberinde getirebilece\u011fi, Frans\u0131z silah sistemlerinin sat\u0131n al\u0131nmas\u0131n\u0131n halka ekonomik y\u00fck olaca\u011f\u0131 vurguland\u0131.<\/p>\n<p>Avrupa\u2019n\u0131n stratejik \u00f6zerkli\u011fi ve Avrupa i\u00e7indeki NATO yap\u0131lanmas\u0131n\u0131n halklar\u0131n \u00e7\u0131karlar\u0131na ayk\u0131r\u0131 oldu\u011fu savunulan a\u00e7\u0131klamada, Yunanistan\u2019\u0131n sava\u015f politikalar\u0131na dahil edilmemesi istendi.<\/p>\n<p>KKE, Yunan halk\u0131n\u0131n do\u011fal m\u00fcttefikinin Frans\u0131z halk\u0131 ve Avrupa\u2019daki di\u011fer halklar oldu\u011funu ifade etti.<\/p>\n<p>Yurtd\u0131\u015f\u0131nda ya\u015fanan en son olaylar, d\u00fcnya g\u00fcndemine oturan d\u0131\u015f haberler, son dakika d\u00fcnya haberleri, di\u011fer d\u00fcnya \u00fclkelerinden g\u00fcncel haberler i\u00e7in T\u00fcrkiye&#x27;nin haber sitesi hurriyet.com.tr; Hurriyet.com.tr haber i\u00e7erikleri&#8230;<\/p>\n","protected":false},"excerpt":{"rendered":"<p>Fransa Cumhurba\u015fkan\u0131 Emmanuel Macron\u2019un Atina ziyaretini ele\u015ftiren Yunanistan Kom\u00fcnist Partisi (KKE), iki \u00fclke aras\u0131nda imzalanan anla\u015fmalar\u0131n halklar\u0131n&#8230;<\/p>\n","protected":false},"author":2,"featured_media":29191,"comment_status":"open","ping_status":"open","sticky":false,"template":"","format":"standard","meta":{"footnotes":""},"categories":[8,6,5],"tags":[],"class_list":["post-29192","post","type-post","status-publish","format-standard","has-post-thumbnail","hentry","category-arsiv","category-gundem","category-son-dakika"],"_links":{"self":[{"href":"https:\/\/eskigazeteci.com\/index.php?rest_route=\/wp\/v2\/posts\/29192","targetHints":{"allow":["GET"]}}],"collection":[{"href":"https:\/\/eskigazeteci.com\/index.php?rest_route=\/wp\/v2\/posts"}],"about":[{"href":"https:\/\/eskigazeteci.com\/index.php?rest_route=\/wp\/v2\/types\/post"}],"author":[{"embeddable":true,"href":"https:\/\/eskigazeteci.com\/index.php?rest_route=\/wp\/v2\/users\/2"}],"replies":[{"embeddable":true,"href":"https:\/\/eskigazeteci.com\/index.php?rest_route=%2Fwp%2Fv2%2Fcomments&post=29192"}],"version-history":[{"count":0,"href":"https:\/\/eskigazeteci.com\/index.php?rest_route=\/wp\/v2\/posts\/29192\/revisions"}],"wp:featuredmedia":[{"embeddable":true,"href":"https:\/\/eskigazeteci.com\/index.php?rest_route=\/wp\/v2\/media\/29191"}],"wp:attachment":[{"href":"https:\/\/eskigazeteci.com\/index.php?rest_route=%2Fwp%2Fv2%2Fmedia&parent=29192"}],"wp:term":[{"taxonomy":"category","embeddable":true,"href":"https:\/\/eskigazeteci.com\/index.php?rest_route=%2Fwp%2Fv2%2Fcategories&post=29192"},{"taxonomy":"post_tag","embeddable":true,"href":"https:\/\/eskigazeteci.com\/index.php?rest_route=%2Fwp%2Fv2%2Ftags&post=29192"}],"curies":[{"name":"wp","href":"https:\/\/api.w.org\/{rel}","templated":true}]}}