{"id":29190,"date":"2026-04-26T13:42:30","date_gmt":"2026-04-26T13:42:30","guid":{"rendered":"https:\/\/eskigazeteci.com\/?p=29190"},"modified":"2026-04-26T13:42:30","modified_gmt":"2026-04-26T13:42:30","slug":"trabzondaki-boks-musabakasinda-ortalik-karismisti-milli-boksor-erhan-kalkan-olayin-arka-planini-acikladi-rus-hocanin-hareketi-o-duruma-getirdi","status":"publish","type":"post","link":"https:\/\/eskigazeteci.com\/?p=29190","title":{"rendered":"Trabzon&#8217;daki boks m\u00fcsabakas\u0131nda ortal\u0131k kar\u0131\u015fm\u0131\u015ft\u0131! Milli boks\u00f6r Erhan Kalkan, olay\u0131n arka plan\u0131n\u0131 a\u00e7\u0131klad\u0131: Rus hocan\u0131n hareketi o duruma getirdi"},"content":{"rendered":"<p>Trabzonlu milli boks\u00f6r Emirhan Kalkan, UBO D\u00fcnya \u015eampiyonluk Kemeri i\u00e7in d\u00fcn ak\u015fam saatlerinde Rus rakibi Sergei Gorokhov ile Be\u015firli Spor Salonu&#x27;nda kurulan ringde kar\u015f\u0131 kar\u015f\u0131ya geldi. M\u00fccadelenin 3\u2019\u00fcnc\u00fc raundunda iddiaya g\u00f6re, Rus ekibi rakiplerine harekette bulununca ringde tansiyon bir anda y\u00fckseldi. Ya\u015fanan gerginlik, k\u0131sa s\u00fcrede b\u00fcy\u00fcyerek kavgaya d\u00f6n\u00fc\u015ft\u00fc. Sandalyelerin kullan\u0131ld\u0131\u011f\u0131, tekme ile yumruklar\u0131n at\u0131ld\u0131\u011f\u0131 kavgaya \u00f6zel g\u00fcvenlik personeli g\u00fc\u00e7l\u00fckle m\u00fcdahale etti. Ringe \u00e7\u0131kan onlarca ki\u015finin kar\u0131\u015ft\u0131\u011f\u0131 kavga nedeniyle kar\u015f\u0131la\u015fma yar\u0131da kald\u0131.<\/p>\n<p>Kavgaya ili\u015fkin inceleme ba\u015flat\u0131ld\u0131\u011f\u0131 belirtilirken, ya\u015fananlar ise cep telefonuyla g\u00f6r\u00fcnt\u00fclendi. G\u00f6r\u00fcnt\u00fclerde; ringe plastik sandalyelerin f\u0131rlat\u0131ld\u0131\u011f\u0131, tekme ve yumruklarla birbirlerine giren kalabal\u0131\u011fa g\u00f6revlilerin g\u00fc\u00e7l\u00fckle m\u00fcdahale etti\u011fi, salon hoparl\u00f6rlerinden de sakin olunmas\u0131 y\u00f6n\u00fcnde anonslar yap\u0131ld\u0131\u011f\u0131 anlar yer ald\u0131.<\/p>\n<p>M\u0130LL\u0130 BOKS\u00d6REDEN A\u00c7IKLAMA<\/p>\n<p>Boks\u00f6r Emirhan Kalkan, d\u00fcn ya\u015fanan olaylara ili\u015fkin sanal medya hesab\u0131ndan videolu payla\u015f\u0131mda bulundu. Olaylar\u0131n ba\u015flang\u0131\u00e7 noktas\u0131n\u0131n Rus k\u00f6\u015fesinden ma\u00e7 ba\u015f\u0131nda gelen sportmenlik d\u0131\u015f\u0131 hareketler oldu\u011funu ifade eden Kalkan, \u201cSa\u011fl\u0131k durumum gayet iyi bir problemim yok. \u0130lk rauntta&#8230;<\/p>\n","protected":false},"excerpt":{"rendered":"<p>Trabzon\u2019da d\u00fcnk\u00fc olayl\u0131 boks m\u00fcsabakas\u0131n\u0131n ard\u0131ndan milli boks\u00f6r Erhan Kalkan, a\u00e7\u0131klama yapt\u0131. Ya\u015fanalar nedeniyle \u00fczg\u00fcn oldu\u011funu belirten Kalkan, \u201cOlay\u0131n&#8230;<\/p>\n","protected":false},"author":2,"featured_media":29189,"comment_status":"open","ping_status":"open","sticky":false,"template":"","format":"standard","meta":{"footnotes":""},"categories":[8,6,5],"tags":[],"class_list":["post-29190","post","type-post","status-publish","format-standard","has-post-thumbnail","hentry","category-arsiv","category-gundem","category-son-dakika"],"_links":{"self":[{"href":"https:\/\/eskigazeteci.com\/index.php?rest_route=\/wp\/v2\/posts\/29190","targetHints":{"allow":["GET"]}}],"collection":[{"href":"https:\/\/eskigazeteci.com\/index.php?rest_route=\/wp\/v2\/posts"}],"about":[{"href":"https:\/\/eskigazeteci.com\/index.php?rest_route=\/wp\/v2\/types\/post"}],"author":[{"embeddable":true,"href":"https:\/\/eskigazeteci.com\/index.php?rest_route=\/wp\/v2\/users\/2"}],"replies":[{"embeddable":true,"href":"https:\/\/eskigazeteci.com\/index.php?rest_route=%2Fwp%2Fv2%2Fcomments&post=29190"}],"version-history":[{"count":0,"href":"https:\/\/eskigazeteci.com\/index.php?rest_route=\/wp\/v2\/posts\/29190\/revisions"}],"wp:featuredmedia":[{"embeddable":true,"href":"https:\/\/eskigazeteci.com\/index.php?rest_route=\/wp\/v2\/media\/29189"}],"wp:attachment":[{"href":"https:\/\/eskigazeteci.com\/index.php?rest_route=%2Fwp%2Fv2%2Fmedia&parent=29190"}],"wp:term":[{"taxonomy":"category","embeddable":true,"href":"https:\/\/eskigazeteci.com\/index.php?rest_route=%2Fwp%2Fv2%2Fcategories&post=29190"},{"taxonomy":"post_tag","embeddable":true,"href":"https:\/\/eskigazeteci.com\/index.php?rest_route=%2Fwp%2Fv2%2Ftags&post=29190"}],"curies":[{"name":"wp","href":"https:\/\/api.w.org\/{rel}","templated":true}]}}