{"id":29184,"date":"2026-04-26T13:24:02","date_gmt":"2026-04-26T13:24:02","guid":{"rendered":"https:\/\/eskigazeteci.com\/?p=29184"},"modified":"2026-04-26T13:24:02","modified_gmt":"2026-04-26T13:24:02","slug":"trabzonsporun-konyaspor-maci-kamp-kadrosu-aciklandi","status":"publish","type":"post","link":"https:\/\/eskigazeteci.com\/?p=29184","title":{"rendered":"Trabzonspor\u2019un Konyaspor ma\u00e7\u0131 kamp kadrosu a\u00e7\u0131kland\u0131!"},"content":{"rendered":"<p>Trabzonspor&#x27;un Kayserispor ma\u00e7\u0131n\u0131n kamp kadrosu a\u00e7\u0131kland\u0131.<\/p>\n<p>Trabzonspor &#x27;un kamp kadrosu \u015fu \u015fekilde:<\/p>\n<p>Andre Onana, Onuralp \u00c7evikkan, Ahmet Do\u011fan Y\u0131ld\u0131r\u0131m, Chibuike Nwaiwu, Wagner Pina, Mustafa Eskihella\u00e7, Mathias Lovik, Benjamin Bouchouari, Tim Jabol Folcarelli, Christ Inao Oulai, Salih Malko\u00e7o\u011flu, Ozan Tufan, Ernest Mu\u00e7i, Onuralp \u00c7ak\u0131ro\u011flu, Anthony Nwakaeme, Oleksandr Zubkov, Felipe Augusto, Umut Nayir, Paul Onuachu<\/p>\n<p>T\u00fcrkiye&#x27;den ve D\u00fcnya\u2019dan son dakika haberleri, k\u00f6\u015fe yaz\u0131lar\u0131, magazinden siyasete, spordan seyahate b\u00fct\u00fcn konular\u0131n tek adresi Hurriyet.com.tr haber i\u00e7erikleri izin al\u0131nmadan, kaynak g\u00f6sterilerek dahi iktibas edilemez. Kanuna ayk\u0131r\u0131 ve izinsiz olarak kopyalanamaz, ba\u015fka yerde yay\u0131nlanamaz.<\/p>\n","protected":false},"excerpt":{"rendered":"<p>S\u00fcper Lig&#8217;in 31. haftas\u0131nda deplasmanda Konyaspor ile kar\u015f\u0131la\u015facak olan Trabzonspor&#8217;un kamp kadrosu belli oldu.<\/p>\n","protected":false},"author":2,"featured_media":29183,"comment_status":"open","ping_status":"open","sticky":false,"template":"","format":"standard","meta":{"footnotes":""},"categories":[8,5,7],"tags":[],"class_list":["post-29184","post","type-post","status-publish","format-standard","has-post-thumbnail","hentry","category-arsiv","category-son-dakika","category-spor"],"_links":{"self":[{"href":"https:\/\/eskigazeteci.com\/index.php?rest_route=\/wp\/v2\/posts\/29184","targetHints":{"allow":["GET"]}}],"collection":[{"href":"https:\/\/eskigazeteci.com\/index.php?rest_route=\/wp\/v2\/posts"}],"about":[{"href":"https:\/\/eskigazeteci.com\/index.php?rest_route=\/wp\/v2\/types\/post"}],"author":[{"embeddable":true,"href":"https:\/\/eskigazeteci.com\/index.php?rest_route=\/wp\/v2\/users\/2"}],"replies":[{"embeddable":true,"href":"https:\/\/eskigazeteci.com\/index.php?rest_route=%2Fwp%2Fv2%2Fcomments&post=29184"}],"version-history":[{"count":0,"href":"https:\/\/eskigazeteci.com\/index.php?rest_route=\/wp\/v2\/posts\/29184\/revisions"}],"wp:featuredmedia":[{"embeddable":true,"href":"https:\/\/eskigazeteci.com\/index.php?rest_route=\/wp\/v2\/media\/29183"}],"wp:attachment":[{"href":"https:\/\/eskigazeteci.com\/index.php?rest_route=%2Fwp%2Fv2%2Fmedia&parent=29184"}],"wp:term":[{"taxonomy":"category","embeddable":true,"href":"https:\/\/eskigazeteci.com\/index.php?rest_route=%2Fwp%2Fv2%2Fcategories&post=29184"},{"taxonomy":"post_tag","embeddable":true,"href":"https:\/\/eskigazeteci.com\/index.php?rest_route=%2Fwp%2Fv2%2Ftags&post=29184"}],"curies":[{"name":"wp","href":"https:\/\/api.w.org\/{rel}","templated":true}]}}