{"id":29180,"date":"2026-04-26T13:12:28","date_gmt":"2026-04-26T13:12:28","guid":{"rendered":"https:\/\/eskigazeteci.com\/?p=29180"},"modified":"2026-04-26T13:12:28","modified_gmt":"2026-04-26T13:12:28","slug":"esad-hakkinda-yargi-sureci-basladi-dava-salonunda-kafes-ayrintisi","status":"publish","type":"post","link":"https:\/\/eskigazeteci.com\/?p=29180","title":{"rendered":"Esad hakk\u0131nda yarg\u0131 s\u00fcreci ba\u015flad\u0131: Dava salonunda kafes ayr\u0131nt\u0131s\u0131"},"content":{"rendered":"<p>\u015eam\u2019daki Adalet Saray\u0131\u2019nda bulunan D\u00f6rd\u00fcnc\u00fc Ceza Mahkemesi\u2019nde g\u00f6r\u00fclen duru\u015fmada, \u00fcst d\u00fczey askeri ve g\u00fcvenlik yetkililerinin isimleri de yer ald\u0131.<\/p>\n<p>Esad&#x27;in kuzeni ve Dera halk\u0131na kar\u015f\u0131 ger\u00e7ekle\u015ftirilen ihlallerle su\u00e7lanan Atef Necib&#x27;in de yarg\u0131lanmas\u0131na ba\u015fland\u0131.<\/p>\n<p>Duru\u015fmada, Be\u015f\u015far Esed ve Mahir Esed&#x27;in yan\u0131 s\u0131ra Muhammed Eymen Ayyu\u015f, eski Savunma Bakan\u0131 Fahdi Casem el-Freyic, Dera askeri istihbarat ba\u015fkan\u0131 Luay al-Ali, Dera istihbarat \u015fubesi ba\u015fkan\u0131 Fevik Nas\u0131r ile komutan Talal H\u00fcseyin\u2019in isimlerinin ge\u00e7ti\u011fi belirtildi.<\/p>\n<p>S\u00f6z konusu ki\u015filerin tamam\u0131n\u0131n yurt d\u0131\u015f\u0131na ka\u00e7t\u0131\u011f\u0131 ve bu nedenle haklar\u0131nda g\u0131yabi yarg\u0131lama y\u00fcr\u00fct\u00fcld\u00fc\u011f\u00fc, mahkemenin ilgili mevzuat kapsam\u0131nda haklar\u0131nda tebligat s\u00fcrecini ba\u015flataca\u011f\u0131 aktar\u0131ld\u0131.<\/p>\n<p>ESAD &#x27;IN KUZEN\u0130 \u0130\u00c7\u0130N YO\u011eUN G\u00dcVENL\u0130K \u00d6NLEMLER\u0130 ALINDI<\/p>\n<p>Ba\u015fkent \u015eam&#x27;daki Adalet Saray\u0131&#x27;nda bulunan D\u00f6rd\u00fcnc\u00fc Ceza Mahkemesi&#x27;nde hakim kar\u015f\u0131s\u0131na \u00e7\u0131kan Necib, mahkeme salonunda demir korkuluklar ard\u0131ndaki \u00f6zel bir b\u00f6l\u00fcmde tutuldu.<\/p>\n<p>Duru\u015fmalar\u0131n, Suriye Cumhuriyeti Genel Savc\u0131 Yard\u0131mc\u0131s\u0131 Hassan et-Tr\u00fcbe ba\u015fkanl\u0131\u011f\u0131nda y\u00fcr\u00fct\u00fcld\u00fc\u011f\u00fc bildirildi.<\/p>\n<p>Yurtd\u0131\u015f\u0131nda ya\u015fanan en son olaylar, d\u00fcnya g\u00fcndemine oturan d\u0131\u015f haberler, son dakika d\u00fcnya haberleri, di\u011fer d\u00fcnya \u00fclkelerinden g\u00fcncel&#8230;<\/p>\n","protected":false},"excerpt":{"rendered":"<p>Suriye\u2019nin ba\u015fkenti \u015eam&#8217;da devrik rejimin lideri Be\u015f\u015far Esad hakk\u0131nda g\u0131yabi yarg\u0131 s\u00fcreci ba\u015flat\u0131ld\u0131. Esad hakk\u0131ndaki davada ile karde\u015fi Mahir Esad\u2019\u0131n da&#8230;<\/p>\n","protected":false},"author":2,"featured_media":29179,"comment_status":"open","ping_status":"open","sticky":false,"template":"","format":"standard","meta":{"footnotes":""},"categories":[8,6,5],"tags":[],"class_list":["post-29180","post","type-post","status-publish","format-standard","has-post-thumbnail","hentry","category-arsiv","category-gundem","category-son-dakika"],"_links":{"self":[{"href":"https:\/\/eskigazeteci.com\/index.php?rest_route=\/wp\/v2\/posts\/29180","targetHints":{"allow":["GET"]}}],"collection":[{"href":"https:\/\/eskigazeteci.com\/index.php?rest_route=\/wp\/v2\/posts"}],"about":[{"href":"https:\/\/eskigazeteci.com\/index.php?rest_route=\/wp\/v2\/types\/post"}],"author":[{"embeddable":true,"href":"https:\/\/eskigazeteci.com\/index.php?rest_route=\/wp\/v2\/users\/2"}],"replies":[{"embeddable":true,"href":"https:\/\/eskigazeteci.com\/index.php?rest_route=%2Fwp%2Fv2%2Fcomments&post=29180"}],"version-history":[{"count":0,"href":"https:\/\/eskigazeteci.com\/index.php?rest_route=\/wp\/v2\/posts\/29180\/revisions"}],"wp:featuredmedia":[{"embeddable":true,"href":"https:\/\/eskigazeteci.com\/index.php?rest_route=\/wp\/v2\/media\/29179"}],"wp:attachment":[{"href":"https:\/\/eskigazeteci.com\/index.php?rest_route=%2Fwp%2Fv2%2Fmedia&parent=29180"}],"wp:term":[{"taxonomy":"category","embeddable":true,"href":"https:\/\/eskigazeteci.com\/index.php?rest_route=%2Fwp%2Fv2%2Fcategories&post=29180"},{"taxonomy":"post_tag","embeddable":true,"href":"https:\/\/eskigazeteci.com\/index.php?rest_route=%2Fwp%2Fv2%2Ftags&post=29180"}],"curies":[{"name":"wp","href":"https:\/\/api.w.org\/{rel}","templated":true}]}}