{"id":29178,"date":"2026-04-26T13:03:37","date_gmt":"2026-04-26T13:03:37","guid":{"rendered":"https:\/\/eskigazeteci.com\/?p=29178"},"modified":"2026-04-26T13:03:37","modified_gmt":"2026-04-26T13:03:37","slug":"trumpin-yeni-aciklamasi","status":"publish","type":"post","link":"https:\/\/eskigazeteci.com\/?p=29178","title":{"rendered":"Trump&#8217;\u0131n yeni a\u00e7\u0131klamas\u0131"},"content":{"rendered":"<p>ABD Ba\u015fkan\u0131 Donald Trump, Washington&#x27;da d\u00fczenlenen suikast giri\u015fimine ili\u015fkin, D\u00fcn gece ya\u015fananlar, Beyaz Saray arazisi \u00fczerinde b\u00fcy\u00fck, emniyetli ve g\u00fcvenli yelpac\u0131l\u0131k yap\u0131ld\u0131. Bu t\u00fcr eylemler, ev sahipli\u011fi ve g\u00fcvenlik konular\u0131nda \u00f6nemli bir etkiye maruz kalm\u0131\u015ft\u0131r.<\/p>\n","protected":false},"excerpt":{"rendered":"<p>ABD Ba\u015fkan\u0131 Donald Trump, Washington&#8217;da d\u00fczenlenen suikast giri\u015fimine ili\u015fkin, D\u00fcn gece ya\u015fananlar, Beyaz Saray arazisi \u00fczerinde b\u00fcy\u00fck, emniyetli ve g\u00fcvenli yelpac\u0131l\u0131k&#8230;<\/p>\n","protected":false},"author":2,"featured_media":29177,"comment_status":"open","ping_status":"open","sticky":false,"template":"","format":"standard","meta":{"footnotes":""},"categories":[8,6,5],"tags":[],"class_list":["post-29178","post","type-post","status-publish","format-standard","has-post-thumbnail","hentry","category-arsiv","category-gundem","category-son-dakika"],"_links":{"self":[{"href":"https:\/\/eskigazeteci.com\/index.php?rest_route=\/wp\/v2\/posts\/29178","targetHints":{"allow":["GET"]}}],"collection":[{"href":"https:\/\/eskigazeteci.com\/index.php?rest_route=\/wp\/v2\/posts"}],"about":[{"href":"https:\/\/eskigazeteci.com\/index.php?rest_route=\/wp\/v2\/types\/post"}],"author":[{"embeddable":true,"href":"https:\/\/eskigazeteci.com\/index.php?rest_route=\/wp\/v2\/users\/2"}],"replies":[{"embeddable":true,"href":"https:\/\/eskigazeteci.com\/index.php?rest_route=%2Fwp%2Fv2%2Fcomments&post=29178"}],"version-history":[{"count":0,"href":"https:\/\/eskigazeteci.com\/index.php?rest_route=\/wp\/v2\/posts\/29178\/revisions"}],"wp:featuredmedia":[{"embeddable":true,"href":"https:\/\/eskigazeteci.com\/index.php?rest_route=\/wp\/v2\/media\/29177"}],"wp:attachment":[{"href":"https:\/\/eskigazeteci.com\/index.php?rest_route=%2Fwp%2Fv2%2Fmedia&parent=29178"}],"wp:term":[{"taxonomy":"category","embeddable":true,"href":"https:\/\/eskigazeteci.com\/index.php?rest_route=%2Fwp%2Fv2%2Fcategories&post=29178"},{"taxonomy":"post_tag","embeddable":true,"href":"https:\/\/eskigazeteci.com\/index.php?rest_route=%2Fwp%2Fv2%2Ftags&post=29178"}],"curies":[{"name":"wp","href":"https:\/\/api.w.org\/{rel}","templated":true}]}}