{"id":29176,"date":"2026-04-26T13:02:27","date_gmt":"2026-04-26T13:02:27","guid":{"rendered":"https:\/\/eskigazeteci.com\/?p=29176"},"modified":"2026-04-26T13:02:27","modified_gmt":"2026-04-26T13:02:27","slug":"dengesini-kaybetti-kafeteryanin-alt-kattaki-terasina-dustu","status":"publish","type":"post","link":"https:\/\/eskigazeteci.com\/?p=29176","title":{"rendered":"Dengesini kaybetti, kafeteryan\u0131n alt kattaki teras\u0131na d\u00fc\u015ft\u00fc"},"content":{"rendered":"<p>Olay, d\u00fcn ak\u015fam saatlerinde Kaz\u0131miye Mahallesi, Omurtak Caddesi\u2019ndeki bir kafeteryada meydana geldi. Arkada\u015flar\u0131yla birlikte kafeteryan\u0131n 3\u2019\u00fcnc\u00fc kat\u0131nda pencere kenar\u0131ndaki masada sohbet eden S.D. adl\u0131 kad\u0131n, sandalyede dengesini kaybedip, a\u00e7\u0131k olan camdan ikinci kat\u0131n teras\u0131na d\u00fc\u015ft\u00fc.<\/p>\n<p>\u0130TFAH\u0130YE TARAFINDAN \u0130ND\u0130R\u0130LD\u0130<\/p>\n<p>\u0130hbar \u00fczerine adrese sa\u011fl\u0131k, polis ve itfaiye ekipleri sevk edildi. Yaral\u0131 S.D., sa\u011fl\u0131k ekibinin ilk m\u00fcdahalesi sonras\u0131 itfaiyenin yard\u0131m\u0131yla bulundu\u011fu yerden indirilerek \u00c7orlu Devlet Hastanesi\u2019ne kald\u0131r\u0131ld\u0131. Tedaviye al\u0131nan S.D.\u2019nin sa\u011fl\u0131k durumunun iyi oldu\u011fu bildirildi.<\/p>\n<p>\u0130\u015fletmede inceleme yapan polis ekipleri, camlar\u0131n a\u00e7\u0131k halde b\u0131rak\u0131ld\u0131\u011f\u0131n\u0131 ve hi\u00e7bir \u00f6nlem al\u0131nmad\u0131\u011f\u0131n\u0131 belirledi.<\/p>\n<p>Olayla ilgili soru\u015fturma s\u00fcr\u00fcyor.<\/p>\n<p>T\u00fcrkiye g\u00fcndeminden son dakika haberleri, bug\u00fcn ya\u015fanan en son geli\u015fmeler, siyaset g\u00fcndeminden g\u00fcncel haberler ve b\u00fct\u00fcn son dakika haberleri i\u00e7in H\u00fcrriyet&#x27;in internet haber sitesi hurriyet.com.tr; Hurriyet.com.tr haber i\u00e7erikleri kaynak g\u00f6sterilmeden al\u0131nt\u0131 yap\u0131lamaz, Kanuna ayk\u0131r\u0131 ve izinsiz olarak kopyalanamaz, ba\u015fka yerde yay\u0131nlanamaz.<\/p>\n","protected":false},"excerpt":{"rendered":"<p>Tekirda\u011f&#8217;\u0131n \u00c7orlu il\u00e7esinde kafeteryan\u0131n 3\u2019\u00fcnc\u00fc kat\u0131nda sandalyede otururken dengesini kaybedip, a\u00e7\u0131k b\u0131rak\u0131lan camdan 2\u2019nci kat terasa d\u00fc\u015fen S.D. (25) adl\u0131&#8230;<\/p>\n","protected":false},"author":2,"featured_media":29175,"comment_status":"open","ping_status":"open","sticky":false,"template":"","format":"standard","meta":{"footnotes":""},"categories":[8,6,5],"tags":[],"class_list":["post-29176","post","type-post","status-publish","format-standard","has-post-thumbnail","hentry","category-arsiv","category-gundem","category-son-dakika"],"_links":{"self":[{"href":"https:\/\/eskigazeteci.com\/index.php?rest_route=\/wp\/v2\/posts\/29176","targetHints":{"allow":["GET"]}}],"collection":[{"href":"https:\/\/eskigazeteci.com\/index.php?rest_route=\/wp\/v2\/posts"}],"about":[{"href":"https:\/\/eskigazeteci.com\/index.php?rest_route=\/wp\/v2\/types\/post"}],"author":[{"embeddable":true,"href":"https:\/\/eskigazeteci.com\/index.php?rest_route=\/wp\/v2\/users\/2"}],"replies":[{"embeddable":true,"href":"https:\/\/eskigazeteci.com\/index.php?rest_route=%2Fwp%2Fv2%2Fcomments&post=29176"}],"version-history":[{"count":0,"href":"https:\/\/eskigazeteci.com\/index.php?rest_route=\/wp\/v2\/posts\/29176\/revisions"}],"wp:featuredmedia":[{"embeddable":true,"href":"https:\/\/eskigazeteci.com\/index.php?rest_route=\/wp\/v2\/media\/29175"}],"wp:attachment":[{"href":"https:\/\/eskigazeteci.com\/index.php?rest_route=%2Fwp%2Fv2%2Fmedia&parent=29176"}],"wp:term":[{"taxonomy":"category","embeddable":true,"href":"https:\/\/eskigazeteci.com\/index.php?rest_route=%2Fwp%2Fv2%2Fcategories&post=29176"},{"taxonomy":"post_tag","embeddable":true,"href":"https:\/\/eskigazeteci.com\/index.php?rest_route=%2Fwp%2Fv2%2Ftags&post=29176"}],"curies":[{"name":"wp","href":"https:\/\/api.w.org\/{rel}","templated":true}]}}