{"id":29174,"date":"2026-04-26T12:43:56","date_gmt":"2026-04-26T12:43:56","guid":{"rendered":"https:\/\/eskigazeteci.com\/?p=29174"},"modified":"2026-04-26T12:43:56","modified_gmt":"2026-04-26T12:43:56","slug":"canakkale-bogazinda-arizalanan-konteyner-yuklu-gemi-guvenli-bolgeye-cekildi","status":"publish","type":"post","link":"https:\/\/eskigazeteci.com\/?p=29174","title":{"rendered":"\u00c7anakkale Bo\u011faz\u0131&#8217;nda ar\u0131zalanan konteyner y\u00fckl\u00fc gemi g\u00fcvenli b\u00f6lgeye \u00e7ekildi"},"content":{"rendered":"<p>Tekirda\u011f&#x27;dan \u0130zmir&#x27;e seyir halinde olan 202 metre uzunlu\u011fundaki T\u00fcrk bayrakl\u0131 &quot;MED BEYKOZ&quot; adl\u0131 konteyner y\u00fckl\u00fc gemi, Akba\u015f mevkisinde ar\u0131zaland\u0131.<\/p>\n<p>K\u0131lavuz kaptanl\u0131 gemi, \u00c7anakkale Gemi Trafik Hizmetleri Merkezi koordinasyonunda, &quot;Kurtarma-20&quot; ve &quot;Kurtarma-4&quot; r\u00f6mork\u00f6rlerince yedeklenip \u00e7ekilerek Poyraz Koy&#x27;a g\u00f6t\u00fcr\u00fcld\u00fc.<\/p>\n<p>Gemi ar\u0131zas\u0131 nedeniyle \u00e7ift y\u00f6nl\u00fc ask\u0131ya al\u0131nan \u00c7anakkale Bo\u011faz\u0131 , yeniden transit gemi ge\u00e7i\u015flerine a\u00e7\u0131ld\u0131.<\/p>\n<p>T\u00fcrkiye g\u00fcndeminden son dakika haberleri, bug\u00fcn ya\u015fanan en son geli\u015fmeler, siyaset g\u00fcndeminden g\u00fcncel haberler ve b\u00fct\u00fcn son dakika haberleri i\u00e7in H\u00fcrriyet&#x27;in internet haber sitesi hurriyet.com.tr; Hurriyet.com.tr haber i\u00e7erikleri kaynak g\u00f6sterilmeden al\u0131nt\u0131 yap\u0131lamaz, Kanuna ayk\u0131r\u0131 ve izinsiz olarak kopyalanamaz, ba\u015fka yerde yay\u0131nlanamaz.<\/p>\n","protected":false},"excerpt":{"rendered":"<p>\u00c7anakkale Bo\u011faz\u0131&#8217;nda makinesi ar\u0131zalanan konteyner y\u00fckl\u00fc gemi, g\u00fcvenli b\u00f6lgeye demirletildi.<\/p>\n","protected":false},"author":2,"featured_media":29173,"comment_status":"open","ping_status":"open","sticky":false,"template":"","format":"standard","meta":{"footnotes":""},"categories":[8,6,5],"tags":[],"class_list":["post-29174","post","type-post","status-publish","format-standard","has-post-thumbnail","hentry","category-arsiv","category-gundem","category-son-dakika"],"_links":{"self":[{"href":"https:\/\/eskigazeteci.com\/index.php?rest_route=\/wp\/v2\/posts\/29174","targetHints":{"allow":["GET"]}}],"collection":[{"href":"https:\/\/eskigazeteci.com\/index.php?rest_route=\/wp\/v2\/posts"}],"about":[{"href":"https:\/\/eskigazeteci.com\/index.php?rest_route=\/wp\/v2\/types\/post"}],"author":[{"embeddable":true,"href":"https:\/\/eskigazeteci.com\/index.php?rest_route=\/wp\/v2\/users\/2"}],"replies":[{"embeddable":true,"href":"https:\/\/eskigazeteci.com\/index.php?rest_route=%2Fwp%2Fv2%2Fcomments&post=29174"}],"version-history":[{"count":0,"href":"https:\/\/eskigazeteci.com\/index.php?rest_route=\/wp\/v2\/posts\/29174\/revisions"}],"wp:featuredmedia":[{"embeddable":true,"href":"https:\/\/eskigazeteci.com\/index.php?rest_route=\/wp\/v2\/media\/29173"}],"wp:attachment":[{"href":"https:\/\/eskigazeteci.com\/index.php?rest_route=%2Fwp%2Fv2%2Fmedia&parent=29174"}],"wp:term":[{"taxonomy":"category","embeddable":true,"href":"https:\/\/eskigazeteci.com\/index.php?rest_route=%2Fwp%2Fv2%2Fcategories&post=29174"},{"taxonomy":"post_tag","embeddable":true,"href":"https:\/\/eskigazeteci.com\/index.php?rest_route=%2Fwp%2Fv2%2Ftags&post=29174"}],"curies":[{"name":"wp","href":"https:\/\/api.w.org\/{rel}","templated":true}]}}