{"id":29172,"date":"2026-04-26T12:42:24","date_gmt":"2026-04-26T12:42:24","guid":{"rendered":"https:\/\/eskigazeteci.com\/?p=29172"},"modified":"2026-04-26T12:42:24","modified_gmt":"2026-04-26T12:42:24","slug":"trabzonspordan-stefan-savic-icin-sakatlik-aciklamasi","status":"publish","type":"post","link":"https:\/\/eskigazeteci.com\/?p=29172","title":{"rendered":"Trabzonspor\u2019dan Stefan Savic i\u00e7in sakatl\u0131k a\u00e7\u0131klamas\u0131!"},"content":{"rendered":"<p>Trabzonspor &#x27;dan yap\u0131lan a\u00e7\u0131klama \u015fu \u015fekilde oldu:<\/p>\n<p>Sa\u011fl\u0131k Kurulu Ba\u015fkan\u0131m\u0131z Prof. Dr. Ahmet Be\u015fir, futbolcumuz Stefan Savic\u2019in sa\u011fl\u0131k durumuna ili\u015fkin a\u00e7\u0131klamada bulundu.<\/p>\n<p>Be\u015fir, \u201cSamsunspor ma\u00e7\u0131nda sol baca\u011f\u0131n\u0131n alt k\u0131sm\u0131nda a\u011fr\u0131 hisseden oyuncumuz Stefan Savic \u2019in yap\u0131lan muayene ve g\u00f6r\u00fcnt\u00fclemeleri sonucunda, sol alt bacak i\u00e7 k\u0131sm\u0131nda k\u0131smi kas yaralanmas\u0131na ba\u011fl\u0131 kanama ve \u00f6dem tespit edilmi\u015ftir. Oyuncumuzun tedavisine sa\u011fl\u0131k ekibimizce ba\u015flanm\u0131\u015ft\u0131r.\u201d ifadelerini kulland\u0131.<\/p>\n<p>T\u00fcrkiye&#x27;den ve D\u00fcnya\u2019dan son dakika haberleri, k\u00f6\u015fe yaz\u0131lar\u0131, magazinden siyasete, spordan seyahate b\u00fct\u00fcn konular\u0131n tek adresi Hurriyet.com.tr haber i\u00e7erikleri izin al\u0131nmadan, kaynak g\u00f6sterilerek dahi iktibas edilemez. Kanuna ayk\u0131r\u0131 ve izinsiz olarak kopyalanamaz, ba\u015fka yerde yay\u0131nlanamaz.<\/p>\n","protected":false},"excerpt":{"rendered":"<p>Trabzonspor, Stefan Savic&#8217;in sol alt bacak i\u00e7 k\u0131sm\u0131nda k\u0131smi kas yaralanmas\u0131na ba\u011fl\u0131 kanama ve \u00f6dem tespit edildi\u011fini a\u00e7\u0131klad\u0131.<\/p>\n","protected":false},"author":2,"featured_media":29171,"comment_status":"open","ping_status":"open","sticky":false,"template":"","format":"standard","meta":{"footnotes":""},"categories":[8,5,7],"tags":[],"class_list":["post-29172","post","type-post","status-publish","format-standard","has-post-thumbnail","hentry","category-arsiv","category-son-dakika","category-spor"],"_links":{"self":[{"href":"https:\/\/eskigazeteci.com\/index.php?rest_route=\/wp\/v2\/posts\/29172","targetHints":{"allow":["GET"]}}],"collection":[{"href":"https:\/\/eskigazeteci.com\/index.php?rest_route=\/wp\/v2\/posts"}],"about":[{"href":"https:\/\/eskigazeteci.com\/index.php?rest_route=\/wp\/v2\/types\/post"}],"author":[{"embeddable":true,"href":"https:\/\/eskigazeteci.com\/index.php?rest_route=\/wp\/v2\/users\/2"}],"replies":[{"embeddable":true,"href":"https:\/\/eskigazeteci.com\/index.php?rest_route=%2Fwp%2Fv2%2Fcomments&post=29172"}],"version-history":[{"count":0,"href":"https:\/\/eskigazeteci.com\/index.php?rest_route=\/wp\/v2\/posts\/29172\/revisions"}],"wp:featuredmedia":[{"embeddable":true,"href":"https:\/\/eskigazeteci.com\/index.php?rest_route=\/wp\/v2\/media\/29171"}],"wp:attachment":[{"href":"https:\/\/eskigazeteci.com\/index.php?rest_route=%2Fwp%2Fv2%2Fmedia&parent=29172"}],"wp:term":[{"taxonomy":"category","embeddable":true,"href":"https:\/\/eskigazeteci.com\/index.php?rest_route=%2Fwp%2Fv2%2Fcategories&post=29172"},{"taxonomy":"post_tag","embeddable":true,"href":"https:\/\/eskigazeteci.com\/index.php?rest_route=%2Fwp%2Fv2%2Ftags&post=29172"}],"curies":[{"name":"wp","href":"https:\/\/api.w.org\/{rel}","templated":true}]}}