{"id":29170,"date":"2026-04-26T12:32:26","date_gmt":"2026-04-26T12:32:26","guid":{"rendered":"https:\/\/eskigazeteci.com\/?p=29170"},"modified":"2026-04-26T12:32:26","modified_gmt":"2026-04-26T12:32:26","slug":"alarmart-sanatcilari-cukurova-bereketli-topraklar-sergisiyle-adanada","status":"publish","type":"post","link":"https:\/\/eskigazeteci.com\/?p=29170","title":{"rendered":"AlarmArt sanat\u00e7\u0131lar\u0131 \u201c\u00c7ukurova: Bereketli Topraklar\u201d sergisiyle Adana\u2019da!"},"content":{"rendered":"<p>Sanat\u0131 geni\u015f kitlelere ula\u015ft\u0131rma amac\u0131yla projeler y\u00fcr\u00fcten HepArt organizasyonu, Seyhan Belediyesi\u2019nin evsahipli\u011fi ve Adana B\u00fcy\u00fck\u015fehir Belediyesi\u2019nin destekleriyle AlarmArt\u2019\u0131n 12 sanat\u00e7\u0131s\u0131n\u0131 bir araya getiren sergi, \u00c7ukurova\u2019n\u0131n \u00e7ok katmanl\u0131 k\u00fclt\u00fcrel yap\u0131s\u0131n\u0131 ve tarihsel birikimini \u00e7a\u011fda\u015f sanat pratikleri \u00fczerinden yeniden ele al\u0131yor. Sergi 28 Nisan-10 May\u0131s tarihleri aras\u0131nda a\u00e7\u0131k kalacak.<\/p>\n<p>Serdar Leblebici, Sel\u00e7uk Y\u0131lmaz, Cemalettin Y\u0131ld\u0131z, \u00d6zg\u00fcr Ery\u0131lmaz, Ekrem \u015eerif Egeli, Hakan Esmer, Semih Kaplan, Bet\u00fcl Demir, Pelin \u00d6zg\u00f6\u00e7en, Metin K\u0131l\u0131\u00e7, Hande \u00dcnver ve Mehmet Y\u0131ld\u0131r\u0131m\u2019dan olu\u015fan AlarmArt, farkl\u0131 disiplinlerden gelen sanat\u00e7\u0131lar\u0131n ortak bir d\u00fc\u015f\u00fcnsel zeminde bulu\u015ftu\u011fu bir yap\u0131 olarak tan\u0131n\u0131yor.<\/p>\n<p>\u00c7UKUROVA\u2019NIN G\u00dc\u00c7L\u00dc K\u00dcLT\u00dcREL HAFIZASI<\/p>\n<p>Yurt i\u00e7i ve yurt d\u0131\u015f\u0131nda bireysel ve toplu bir\u00e7ok sergide yer alan sanat\u00e7\u0131lar toplu olarak ilk kez bulu\u015facaklar\u0131 Adanal\u0131 sanatseverleri \u015fu s\u00f6zlerle davet etti:<\/p>\n<p>\u201c\u00c7ukurova\u2019y\u0131 yaln\u0131zca bir co\u011frafya de\u011fil; ayn\u0131 zamanda anlat\u0131lar\u0131n, imgelerin ve k\u00fclt\u00fcrel \u00fcretimin beslendi\u011fi bir varolu\u015f alan\u0131 olarak g\u00f6r\u00fcyoruz. B\u00f6lgenin toplumsal ve insani dokusu, ge\u00e7mi\u015fte oldu\u011fu gibi bug\u00fcn de sanat \u00fcretimi i\u00e7in g\u00fc\u00e7l\u00fc bir referans noktas\u0131. Bu y\u00f6n\u00fcyle sergimiz ge\u00e7mi\u015f ile&#8230;<\/p>\n","protected":false},"excerpt":{"rendered":"<p>\u00c7ukurova\u2019n\u0131n binlerce y\u0131ll\u0131k birikimi ile eme\u011fin ve k\u00fclt\u00fcrel haf\u0131zan\u0131n izleri Adana\u2019da \u00e7a\u011fda\u015f sanat\u0131n diliyle yeniden hayat buluyor. \u00d6zg\u00fcn \u00fcretimleriyle yurt&#8230;<\/p>\n","protected":false},"author":2,"featured_media":29169,"comment_status":"open","ping_status":"open","sticky":false,"template":"","format":"standard","meta":{"footnotes":""},"categories":[8,6,5],"tags":[],"class_list":["post-29170","post","type-post","status-publish","format-standard","has-post-thumbnail","hentry","category-arsiv","category-gundem","category-son-dakika"],"_links":{"self":[{"href":"https:\/\/eskigazeteci.com\/index.php?rest_route=\/wp\/v2\/posts\/29170","targetHints":{"allow":["GET"]}}],"collection":[{"href":"https:\/\/eskigazeteci.com\/index.php?rest_route=\/wp\/v2\/posts"}],"about":[{"href":"https:\/\/eskigazeteci.com\/index.php?rest_route=\/wp\/v2\/types\/post"}],"author":[{"embeddable":true,"href":"https:\/\/eskigazeteci.com\/index.php?rest_route=\/wp\/v2\/users\/2"}],"replies":[{"embeddable":true,"href":"https:\/\/eskigazeteci.com\/index.php?rest_route=%2Fwp%2Fv2%2Fcomments&post=29170"}],"version-history":[{"count":0,"href":"https:\/\/eskigazeteci.com\/index.php?rest_route=\/wp\/v2\/posts\/29170\/revisions"}],"wp:featuredmedia":[{"embeddable":true,"href":"https:\/\/eskigazeteci.com\/index.php?rest_route=\/wp\/v2\/media\/29169"}],"wp:attachment":[{"href":"https:\/\/eskigazeteci.com\/index.php?rest_route=%2Fwp%2Fv2%2Fmedia&parent=29170"}],"wp:term":[{"taxonomy":"category","embeddable":true,"href":"https:\/\/eskigazeteci.com\/index.php?rest_route=%2Fwp%2Fv2%2Fcategories&post=29170"},{"taxonomy":"post_tag","embeddable":true,"href":"https:\/\/eskigazeteci.com\/index.php?rest_route=%2Fwp%2Fv2%2Ftags&post=29170"}],"curies":[{"name":"wp","href":"https:\/\/api.w.org\/{rel}","templated":true}]}}