{"id":29168,"date":"2026-04-26T12:23:57","date_gmt":"2026-04-26T12:23:57","guid":{"rendered":"https:\/\/eskigazeteci.com\/?p=29168"},"modified":"2026-04-26T12:23:57","modified_gmt":"2026-04-26T12:23:57","slug":"dedesinin-elini-birakip-yola-firladi-feci-kaza-kameraya-boyle-yansidi","status":"publish","type":"post","link":"https:\/\/eskigazeteci.com\/?p=29168","title":{"rendered":"Dedesinin elini b\u0131rak\u0131p yola f\u0131rlad\u0131! Feci kaza kameraya b\u00f6yle yans\u0131d\u0131"},"content":{"rendered":"<p>Kaza, d\u00fcn saat 11.30 s\u0131ralar\u0131nda Barbaros Mahallesi \u00c7ay Sokak&#x27;ta meydana geldi. Ali \u0130hsan A. y\u00f6netimindeki 06 EET 501 plakal\u0131 kurbanl\u0131k hayvan y\u00fckl\u00fc kamyonet, dedesi ile parktan d\u00f6nerken bir anda yola \u00e7\u0131kan Yakup Can Yal\u00e7\u0131n&#x27;a \u00e7arpt\u0131. A\u011f\u0131r yaralanan \u00e7ocuk, otomobille Halil \u015e\u0131vg\u0131n \u00c7ubuk Devlet Hastanesi&#x27;ne g\u00f6t\u00fcr\u00fcld\u00fc. Ancak Yal\u00e7\u0131n, doktorlar\u0131n m\u00fcdahalesine ra\u011fmen kurtar\u0131lamad\u0131.<\/p>\n<p>Yakup Can Yal\u00e7\u0131n, bug\u00fcn \u00f6\u011fle vakti Camii Kebir Camisi&#x27;nde k\u0131l\u0131nan namaz\u0131n ard\u0131ndan \u00c7ubuk Asri Mezarl\u0131\u011f\u0131&#x27;nda topra\u011fa verildi.<\/p>\n<p>Bu arada Yakup Can Yal\u00e7\u0131n &#x27;\u0131n kaza \u00f6ncesi dedesinin elinden ka\u00e7t\u0131\u011f\u0131 g\u00f6r\u00fcnt\u00fcler, sokaktaki bir i\u015f yerinin g\u00fcvenlik kameras\u0131na yans\u0131d\u0131. G\u00f6r\u00fcnt\u00fclerde, Yal\u00e7\u0131n&#x27;\u0131n bir anda dedesinin elini b\u0131rakt\u0131\u011f\u0131 ve kamyonete do\u011fru ko\u015ftu\u011fu anlar yer ald\u0131. S\u00dcR\u00dcC\u00dc TUTUKLANDI<\/p>\n<p>\u00d6te yandan kamyonet s\u00fcr\u00fcc\u00fcs\u00fc Ali \u0130hsan A., emniyetteki i\u015flemlerinin ard\u0131ndan adliyeye sevk edildi. S\u00fcr\u00fcc\u00fc Ali \u0130hsan A., \u00e7\u0131kar\u0131ld\u0131\u011f\u0131 mahkemece tutukland\u0131.<\/p>\n<p>T\u00fcrkiye g\u00fcndeminden son dakika haberleri, bug\u00fcn ya\u015fanan en son geli\u015fmeler, siyaset g\u00fcndeminden g\u00fcncel haberler ve b\u00fct\u00fcn son dakika haberleri i\u00e7in H\u00fcrriyet&#x27;in internet haber sitesi hurriyet.com.tr; Hurriyet.com.tr haber i\u00e7erikleri kaynak g\u00f6sterilmeden al\u0131nt\u0131 yap\u0131lamaz, Kanuna ayk\u0131r\u0131&#8230;<\/p>\n","protected":false},"excerpt":{"rendered":"<p>Ankara&#8217;n\u0131n \u00c7ubuk il\u00e7esinde parktan d\u00f6nerken kamyonetin \u00e7arpmas\u0131 sonucu hayat\u0131n\u0131 kaybeden Yakup Can Yal\u00e7\u0131n&#8217;\u0131n (3), kaza \u00f6ncesi dedesinin elinden ka\u00e7t\u0131\u011f\u0131&#8230;<\/p>\n","protected":false},"author":2,"featured_media":29167,"comment_status":"open","ping_status":"open","sticky":false,"template":"","format":"standard","meta":{"footnotes":""},"categories":[8,6,5],"tags":[],"class_list":["post-29168","post","type-post","status-publish","format-standard","has-post-thumbnail","hentry","category-arsiv","category-gundem","category-son-dakika"],"_links":{"self":[{"href":"https:\/\/eskigazeteci.com\/index.php?rest_route=\/wp\/v2\/posts\/29168","targetHints":{"allow":["GET"]}}],"collection":[{"href":"https:\/\/eskigazeteci.com\/index.php?rest_route=\/wp\/v2\/posts"}],"about":[{"href":"https:\/\/eskigazeteci.com\/index.php?rest_route=\/wp\/v2\/types\/post"}],"author":[{"embeddable":true,"href":"https:\/\/eskigazeteci.com\/index.php?rest_route=\/wp\/v2\/users\/2"}],"replies":[{"embeddable":true,"href":"https:\/\/eskigazeteci.com\/index.php?rest_route=%2Fwp%2Fv2%2Fcomments&post=29168"}],"version-history":[{"count":0,"href":"https:\/\/eskigazeteci.com\/index.php?rest_route=\/wp\/v2\/posts\/29168\/revisions"}],"wp:featuredmedia":[{"embeddable":true,"href":"https:\/\/eskigazeteci.com\/index.php?rest_route=\/wp\/v2\/media\/29167"}],"wp:attachment":[{"href":"https:\/\/eskigazeteci.com\/index.php?rest_route=%2Fwp%2Fv2%2Fmedia&parent=29168"}],"wp:term":[{"taxonomy":"category","embeddable":true,"href":"https:\/\/eskigazeteci.com\/index.php?rest_route=%2Fwp%2Fv2%2Fcategories&post=29168"},{"taxonomy":"post_tag","embeddable":true,"href":"https:\/\/eskigazeteci.com\/index.php?rest_route=%2Fwp%2Fv2%2Ftags&post=29168"}],"curies":[{"name":"wp","href":"https:\/\/api.w.org\/{rel}","templated":true}]}}