{"id":29162,"date":"2026-04-26T12:12:25","date_gmt":"2026-04-26T12:12:25","guid":{"rendered":"https:\/\/eskigazeteci.com\/?p=29162"},"modified":"2026-04-26T12:12:25","modified_gmt":"2026-04-26T12:12:25","slug":"askin-gosterise-ihtiyaci-yok-dogum-gununde-sevgilisinden-hediye-olarak-bir-kucak-dolusu-cicek-aldi","status":"publish","type":"post","link":"https:\/\/eskigazeteci.com\/?p=29162","title":{"rendered":"A\u015fk\u0131n g\u00f6steri\u015fe ihtiyac\u0131 yok! Do\u011fum g\u00fcn\u00fcnde sevgilisinden hediye olarak bir kucak dolusu \u00e7i\u00e7ek ald\u0131"},"content":{"rendered":"<p>G\u00fczel model 23 Nisan\u2019da 31 ya\u015f\u0131na bast\u0131, bu y\u0131l da ya\u015f g\u00fcn\u00fcnde yan\u0131nda sevdi\u011fi adam vard\u0131.<\/p>\n<p>Bu kez g\u00f6steri\u015fli do\u011fum g\u00fcn\u00fc kutlamalar\u0131, kalabal\u0131k partiler ve e\u011flenceler yerine sakin bir g\u00fcn ge\u00e7irmeyi tercih eden Gigi Hadid\u2019in do\u011fum g\u00fcn\u00fcne dair tek payla\u015f\u0131m\u0131 yine sevgilisi Bradley Cooper\u2019la ilgiliydi.<\/p>\n<p>\u00dcnl\u00fc model 2023\u2019ten beri birlikte oldu\u011fu Hollywood y\u0131ld\u0131z\u0131 sevgilisi Bradley Cooper\u2019\u0131n ona do\u011fum g\u00fcn\u00fc i\u00e7in ald\u0131\u011f\u0131 bir kucak dolusu k\u0131r \u00e7i\u00e7e\u011finin foto\u011fraf\u0131n\u0131 payla\u015farak \u201c\u0130\u015fte benim adam\u0131m\u201d yazd\u0131 ve takip\u00e7ilerine bu basit ama romantik hediyeyi g\u00f6sterdi.<\/p>\n<p>Gigi Hadid ge\u00e7en seneki 30. do\u011fum g\u00fcn\u00fcnde ailesi ve yak\u0131n dostlar\u0131yla bir ev partisi vermi\u015f, do\u011fum g\u00fcn\u00fc pastas\u0131n\u0131n ba\u015f\u0131nda Bradley Cooper\u2019la \u00f6p\u00fc\u015ft\u00fc\u011f\u00fc foto\u011fraf\u0131 Instagram hesab\u0131nda payla\u015farak b\u00fcy\u00fck mutlulu\u011funu sosyal medyadan ilk kez sergilemi\u015fti.<\/p>\n<p>31 ya\u015f\u0131ndaki Gigi Hadid ve 51 ya\u015f\u0131ndaki Bradley Cooper 2023 y\u0131l\u0131n\u0131n eyl\u00fcl ay\u0131ndan beri birlikteler. Birka\u00e7 ay sonra ili\u015fkilerinde 3 y\u0131l\u0131 devirecek olan \u00fcnl\u00fc \u00e7ift a\u015fk ya\u015famaya ba\u015flad\u0131klar\u0131 ilk d\u00f6nemde bas\u0131n\u0131n yo\u011fun ilgisinden ka\u00e7mak i\u00e7in \u00e7ok \u00e7aba sarf ediyorlard\u0131.<\/p>\n<p>\u0130li\u015fkileri art\u0131k herkes taraf\u0131ndan duyulunca saklanmaktan vazge\u00e7en Gigi Hadid ve Bradley Cooper\u2019\u0131n evlilik yolunda olduklar\u0131&#8230;<\/p>\n","protected":false},"excerpt":{"rendered":"<p>Ge\u00e7en y\u0131l hayat\u0131n\u0131n d\u00f6n\u00fcm noktalar\u0131ndan biri say\u0131labilecek do\u011fum g\u00fcn\u00fcnde \u00e7ok \u00f6nemli bir ad\u0131m atm\u0131\u015f, \u00e7ok konu\u015fulan ili\u015fkisinin foto\u011fraf\u0131n\u0131 sosyal medya&#8230;<\/p>\n","protected":false},"author":2,"featured_media":29161,"comment_status":"open","ping_status":"open","sticky":false,"template":"","format":"standard","meta":{"footnotes":""},"categories":[8,6,5],"tags":[],"class_list":["post-29162","post","type-post","status-publish","format-standard","has-post-thumbnail","hentry","category-arsiv","category-gundem","category-son-dakika"],"_links":{"self":[{"href":"https:\/\/eskigazeteci.com\/index.php?rest_route=\/wp\/v2\/posts\/29162","targetHints":{"allow":["GET"]}}],"collection":[{"href":"https:\/\/eskigazeteci.com\/index.php?rest_route=\/wp\/v2\/posts"}],"about":[{"href":"https:\/\/eskigazeteci.com\/index.php?rest_route=\/wp\/v2\/types\/post"}],"author":[{"embeddable":true,"href":"https:\/\/eskigazeteci.com\/index.php?rest_route=\/wp\/v2\/users\/2"}],"replies":[{"embeddable":true,"href":"https:\/\/eskigazeteci.com\/index.php?rest_route=%2Fwp%2Fv2%2Fcomments&post=29162"}],"version-history":[{"count":0,"href":"https:\/\/eskigazeteci.com\/index.php?rest_route=\/wp\/v2\/posts\/29162\/revisions"}],"wp:featuredmedia":[{"embeddable":true,"href":"https:\/\/eskigazeteci.com\/index.php?rest_route=\/wp\/v2\/media\/29161"}],"wp:attachment":[{"href":"https:\/\/eskigazeteci.com\/index.php?rest_route=%2Fwp%2Fv2%2Fmedia&parent=29162"}],"wp:term":[{"taxonomy":"category","embeddable":true,"href":"https:\/\/eskigazeteci.com\/index.php?rest_route=%2Fwp%2Fv2%2Fcategories&post=29162"},{"taxonomy":"post_tag","embeddable":true,"href":"https:\/\/eskigazeteci.com\/index.php?rest_route=%2Fwp%2Fv2%2Ftags&post=29162"}],"curies":[{"name":"wp","href":"https:\/\/api.w.org\/{rel}","templated":true}]}}