{"id":29160,"date":"2026-04-26T12:04:12","date_gmt":"2026-04-26T12:04:12","guid":{"rendered":"https:\/\/eskigazeteci.com\/?p=29160"},"modified":"2026-04-26T12:04:12","modified_gmt":"2026-04-26T12:04:12","slug":"kasapoglu-demokrasi-fikrin-sozun-ve-dusuncenin-agirligina-duyulan-saygidir","status":"publish","type":"post","link":"https:\/\/eskigazeteci.com\/?p=29160","title":{"rendered":"Kasapo\u011flu: Demokrasi; fikrin, s\u00f6z\u00fcn ve d\u00fc\u015f\u00fcncenin a\u011f\u0131rl\u0131\u011f\u0131na duyulan sayg\u0131d\u0131r"},"content":{"rendered":"<p>\u0130zmir \u0130l Mill\u00ee E\u011fitim M\u00fcd\u00fcrl\u00fc\u011f\u00fc ve \u015eehit \u00d6mer Halisdemir K\u0131z Anadolu \u0130mam Hatip Lisesi koordinasyonunda, T\u00fcrkiye\u2019nin d\u00f6rt bir yan\u0131ndan gelen \u00f6\u011frencileri kat\u0131l\u0131m\u0131yla ger\u00e7ekle\u015ftirilen Meclis Sim\u00fclasyonu program\u0131 kapsam\u0131nda \u0130zmir\u2019de gen\u00e7lerle bir araya gelen Kasapo\u011flu, Halisdemir ismi ile Meclisi bir arada d\u00fc\u015f\u00fcnd\u00fc\u011f\u00fcnde bir ba\u015fka mana g\u00f6rd\u00fc\u011f\u00fcn\u00fc, de\u011ferli \u015fehidimizin meydan okudu\u011fu hain darbe giri\u015fiminin millete, devlete ve meclise kar\u015f\u0131 oldu\u011funu, bu y\u00fczden bu sim\u00fclasyonun milli iradenin tecellig\u00e2h\u0131 meclisimizle ba\u011fda\u015ft\u0131r\u0131lmas\u0131n\u0131n \u00f6zel bir anlam ta\u015f\u0131d\u0131\u011f\u0131n\u0131 belirtti.<\/p>\n<p>&quot;FAKLI F\u0130K\u0130RLERDEN ASLA KORKMAYIN&quot;<\/p>\n<p>Dr. Kasapo\u011flu konu\u015fmas\u0131n\u0131n devam\u0131nda; \u201cBu y\u0131l T\u00fcrkiye B\u00fcy\u00fck Millet Meclisi\u2019nin kurulu\u015funun 106. y\u0131l d\u00f6n\u00fcm\u00fcn\u00fc idrak ettik. Bu vesileyle, Cumhuriyetimizin banisi Gazi Mustafa Kemal Atat\u00fcrk \u2019\u00fc, silah arkada\u015flar\u0131n\u0131, demokrasimizi bu g\u00fcnlere getiren t\u00fcm kahramanlar\u0131m\u0131z\u0131 rahmet ve minnetle an\u0131yorum. Bizim binlerce y\u0131ll\u0131k devlet gelene\u011fimizin, medeniyet kodlar\u0131m\u0131z\u0131n tam merkezinde her zaman &quot;isti\u015fare&quot; k\u00fclt\u00fcr\u00fc vard\u0131r. Bizler, &quot;Dan\u0131\u015fan da\u011f\u0131 a\u015fm\u0131\u015f, dan\u0131\u015fmayan d\u00fcz yolda \u015fa\u015fm\u0131\u015f&quot; diyen k\u00f6kl\u00fc bir k\u00fclt\u00fcr\u00fc bar\u0131nd\u0131r\u0131yoruz. Farkl\u0131 fikirlerin bir araya gelmesinden do\u011fan o muazzam g\u00fcce, ortak akl\u0131n \u0131\u015f\u0131\u011f\u0131na&#8230;<\/p>\n","protected":false},"excerpt":{"rendered":"<p>\u00d6nceki d\u00f6nem Gen\u00e7lik ve Spor Bakan\u0131, AK Parti \u0130zmir Milletvekili Dr. Mehmet Kasapo\u011flu, \u015eehit \u00d6mer Halisdemir K\u0131z Anadolu \u0130mam Hatip Lisesi \u201cHalisdemir Meclis&#8230;<\/p>\n","protected":false},"author":2,"featured_media":29159,"comment_status":"open","ping_status":"open","sticky":false,"template":"","format":"standard","meta":{"footnotes":""},"categories":[8,6,5],"tags":[],"class_list":["post-29160","post","type-post","status-publish","format-standard","has-post-thumbnail","hentry","category-arsiv","category-gundem","category-son-dakika"],"_links":{"self":[{"href":"https:\/\/eskigazeteci.com\/index.php?rest_route=\/wp\/v2\/posts\/29160","targetHints":{"allow":["GET"]}}],"collection":[{"href":"https:\/\/eskigazeteci.com\/index.php?rest_route=\/wp\/v2\/posts"}],"about":[{"href":"https:\/\/eskigazeteci.com\/index.php?rest_route=\/wp\/v2\/types\/post"}],"author":[{"embeddable":true,"href":"https:\/\/eskigazeteci.com\/index.php?rest_route=\/wp\/v2\/users\/2"}],"replies":[{"embeddable":true,"href":"https:\/\/eskigazeteci.com\/index.php?rest_route=%2Fwp%2Fv2%2Fcomments&post=29160"}],"version-history":[{"count":0,"href":"https:\/\/eskigazeteci.com\/index.php?rest_route=\/wp\/v2\/posts\/29160\/revisions"}],"wp:featuredmedia":[{"embeddable":true,"href":"https:\/\/eskigazeteci.com\/index.php?rest_route=\/wp\/v2\/media\/29159"}],"wp:attachment":[{"href":"https:\/\/eskigazeteci.com\/index.php?rest_route=%2Fwp%2Fv2%2Fmedia&parent=29160"}],"wp:term":[{"taxonomy":"category","embeddable":true,"href":"https:\/\/eskigazeteci.com\/index.php?rest_route=%2Fwp%2Fv2%2Fcategories&post=29160"},{"taxonomy":"post_tag","embeddable":true,"href":"https:\/\/eskigazeteci.com\/index.php?rest_route=%2Fwp%2Fv2%2Ftags&post=29160"}],"curies":[{"name":"wp","href":"https:\/\/api.w.org\/{rel}","templated":true}]}}