{"id":29158,"date":"2026-04-26T12:02:35","date_gmt":"2026-04-26T12:02:35","guid":{"rendered":"https:\/\/eskigazeteci.com\/?p=29158"},"modified":"2026-04-26T12:02:35","modified_gmt":"2026-04-26T12:02:35","slug":"galatasaraydan-juventusun-yildizi-icin-resmi-adim-yuz-yuze-gorusme-icin-italyaya-gidiliyor","status":"publish","type":"post","link":"https:\/\/eskigazeteci.com\/?p=29158","title":{"rendered":"Galatasaray&#8217;dan Juventus&#8217;un y\u0131ld\u0131z\u0131 i\u00e7in resmi ad\u0131m! Y\u00fcz y\u00fcze g\u00f6r\u00fc\u015fme i\u00e7in \u0130talya&#8217;ya gidiliyor"},"content":{"rendered":"<p>S\u00fcper Lig&#x27;de \u015fampiyonluk yar\u0131\u015f\u0131nda son 4 haftaya lider giren Galatasaray , transfer g\u00f6r\u00fc\u015fmelerini de s\u00fcrd\u00fcr\u00fcyor.<\/p>\n<p>Yaz transfer d\u00f6neminde stoper hatt\u0131na mutlaka bir takviye yapmak isteyen Sar\u0131-k\u0131rm\u0131z\u0131l\u0131lar i\u00e7in \u0130talya&#x27;dan s\u00fcrpriz bir isim g\u00fcndeme geldi.<\/p>\n<p>Juventus&#x27;a yak\u0131nl\u0131\u011f\u0131 ile bilinen Tuttosport gazetesinin haberine g\u00f6re; Galatasaray, Federico Gatti ile ilgileniyor.<\/p>\n<p>Y\u00dcZ Y\u00dcZE G\u00d6R\u00dc\u015eME \u0130\u00c7\u0130N \u0130TALYA&#x27;YA G\u0130D\u0130LECEK<\/p>\n<p>Sar\u0131-k\u0131rm\u0131z\u0131l\u0131 kul\u00fcb\u00fcn ge\u00e7ti\u011fimiz g\u00fcnlerde Juventus&#x27;la temasa ge\u00e7erek transfer i\u00e7in bilgi talep etti\u011fi ve k\u0131sa s\u00fcre i\u00e7inde de Galatasaray&#x27;dan bir heyetin \u0130talya&#x27;ya giderek hem kul\u00fcp hem de oyuncu taraf\u0131yla y\u00fcz y\u00fcze ve daha detayl\u0131 bir g\u00f6r\u00fc\u015fme ger\u00e7ekle\u015ftirmesinin beklendi\u011fi kaydedildi.<\/p>\n<p>Juventus&#x27;un Gatti&#x27;nin performans\u0131ndan memnun oldu\u011fu ancak iyi bir teklif gelmesi durumunda onu satarak transfere kaynak yaratmak isteyebilece\u011fi belirtildi.<\/p>\n<p>DEVRE ARASINDA MILAN \u0130STEM\u0130\u015eT\u0130<\/p>\n<p>Federico Gatti &#x27;yi devre aras\u0131nda Milan istemi\u015f, Juventus&#x27;un 25 milyon euroluk talebi nedeniyle transfer ger\u00e7ekle\u015fmemi\u015fti.<\/p>\n<p>Juventus&#x27;u \u00e7al\u0131\u015ft\u0131rd\u0131\u011f\u0131 d\u00f6nemde Gatti&#x27;ye ilk kez forma veren teknik direkt\u00f6r olan ve \u015fu an Milan&#x27;\u0131 \u00e7al\u0131\u015ft\u0131ran Massimiliano Allegri&#x27;nin, tecr\u00fcbeli savunmac\u0131 i\u00e7in yaz transfer d\u00f6neminde&#8230;<\/p>\n","protected":false},"excerpt":{"rendered":"<p>Galatasaray y\u00f6netimi, Juventus&#8217;un kaptanlar\u0131ndan Federico Gatti&#8217;nin transferi i\u00e7in \u00f6n\u00fcm\u00fczdeki g\u00fcnlerde \u0130talya&#8217;ya giderek siyah-beyazl\u0131 kul\u00fcb\u00fcn yetkilileri&#8230;<\/p>\n","protected":false},"author":2,"featured_media":29157,"comment_status":"open","ping_status":"open","sticky":false,"template":"","format":"standard","meta":{"footnotes":""},"categories":[8,5,7],"tags":[],"class_list":["post-29158","post","type-post","status-publish","format-standard","has-post-thumbnail","hentry","category-arsiv","category-son-dakika","category-spor"],"_links":{"self":[{"href":"https:\/\/eskigazeteci.com\/index.php?rest_route=\/wp\/v2\/posts\/29158","targetHints":{"allow":["GET"]}}],"collection":[{"href":"https:\/\/eskigazeteci.com\/index.php?rest_route=\/wp\/v2\/posts"}],"about":[{"href":"https:\/\/eskigazeteci.com\/index.php?rest_route=\/wp\/v2\/types\/post"}],"author":[{"embeddable":true,"href":"https:\/\/eskigazeteci.com\/index.php?rest_route=\/wp\/v2\/users\/2"}],"replies":[{"embeddable":true,"href":"https:\/\/eskigazeteci.com\/index.php?rest_route=%2Fwp%2Fv2%2Fcomments&post=29158"}],"version-history":[{"count":0,"href":"https:\/\/eskigazeteci.com\/index.php?rest_route=\/wp\/v2\/posts\/29158\/revisions"}],"wp:featuredmedia":[{"embeddable":true,"href":"https:\/\/eskigazeteci.com\/index.php?rest_route=\/wp\/v2\/media\/29157"}],"wp:attachment":[{"href":"https:\/\/eskigazeteci.com\/index.php?rest_route=%2Fwp%2Fv2%2Fmedia&parent=29158"}],"wp:term":[{"taxonomy":"category","embeddable":true,"href":"https:\/\/eskigazeteci.com\/index.php?rest_route=%2Fwp%2Fv2%2Fcategories&post=29158"},{"taxonomy":"post_tag","embeddable":true,"href":"https:\/\/eskigazeteci.com\/index.php?rest_route=%2Fwp%2Fv2%2Ftags&post=29158"}],"curies":[{"name":"wp","href":"https:\/\/api.w.org\/{rel}","templated":true}]}}