{"id":29156,"date":"2026-04-26T11:52:21","date_gmt":"2026-04-26T11:52:21","guid":{"rendered":"https:\/\/eskigazeteci.com\/?p=29156"},"modified":"2026-04-26T11:52:21","modified_gmt":"2026-04-26T11:52:21","slug":"dugunleri-olacagi-gun-evde-olu-bulunmuslardi-cenazede-yurek-yakan-an-damadin-mezarina-biraktilar","status":"publish","type":"post","link":"https:\/\/eskigazeteci.com\/?p=29156","title":{"rendered":"D\u00fc\u011f\u00fcnleri olaca\u011f\u0131 g\u00fcn evde \u00f6l\u00fc bulunmu\u015flard\u0131! Cenazede y\u00fcrek yakan an: Damad\u0131n mezar\u0131na b\u0131rakt\u0131lar"},"content":{"rendered":"<p>Olay, d\u00fcn sabah saatlerinde Burdur&#x27;un \u00c7avd\u0131r il\u00e7esi K\u00fc\u00e7\u00fckalan k\u00f6y\u00fcnde meydana geldi. Edinilen bilgiye g\u00f6re, ak\u015fam k\u0131nalar\u0131 olan ve bug\u00fcn d\u00fc\u011f\u00fcnleri olacak Ay\u015feg\u00fcl Maral (20) ve Fatih \u00d6zaslan (34) \u00e7ifti ikametlerinde yak\u0131nlar\u0131 taraf\u0131ndan hareketsiz halde bulundu.<\/p>\n<p>Yak\u0131nlar\u0131n ihbar\u0131 \u00fczerine adrese sa\u011fl\u0131k ve jandarma ekipleri sevk edildi. Sa\u011fl\u0131k ekipleri taraf\u0131ndan yap\u0131lan kontrollerde \u00e7iftin hayat\u0131n\u0131 kaybetti\u011fi belirlendi. Ekiplerin \u00e7al\u0131\u015fmas\u0131n\u0131n ard\u0131ndan \u00e7iftin cenazeleri morga kald\u0131r\u0131l\u0131rken yap\u0131lan otopsi i\u015fleminden sonra Ay\u015feg\u00fcl Maral&#x27;\u0131n cenazesi memleketi Adana&#x27;ya g\u00f6nderildi.<\/p>\n<p>Fatih \u00d6zaslan&#x27;\u0131n cenazesi ise bug\u00fcn \u00c7avd\u0131r il\u00e7esi K\u00fc\u00e7\u00fckalan k\u00f6y\u00fcnde k\u0131l\u0131nan cenaze namaz\u0131n\u0131n ard\u0131ndan son yolculu\u011funa u\u011furland\u0131. D\u00fcn ger\u00e7ekle\u015ftirilecek olan d\u00fc\u011f\u00fcn i\u00e7in haz\u0131rlanan gelin \u00e7i\u00e7e\u011fi ise damad\u0131n babas\u0131 Adem \u00d6zaslan taraf\u0131ndan o\u011flunun mezar\u0131n\u0131n ba\u015f\u0131na konuldu.<\/p>\n<p>T\u00fcrkiye g\u00fcndeminden son dakika haberleri, bug\u00fcn ya\u015fanan en son geli\u015fmeler, siyaset g\u00fcndeminden g\u00fcncel haberler ve b\u00fct\u00fcn son dakika haberleri i\u00e7in H\u00fcrriyet&#x27;in internet haber sitesi hurriyet.com.tr; Hurriyet.com.tr haber i\u00e7erikleri kaynak g\u00f6sterilmeden al\u0131nt\u0131 yap\u0131lamaz, Kanuna ayk\u0131r\u0131 ve izinsiz olarak kopyalanamaz, ba\u015fka yerde yay\u0131nlanamaz.<\/p>\n","protected":false},"excerpt":{"rendered":"<p>Burdur&#8217;un \u00c7avd\u0131r il\u00e7esinde d\u00fc\u011f\u00fcnleri olaca\u011f\u0131 g\u00fcn evlerinde \u00f6l\u00fc bulunan \u00e7iftten damad\u0131n cenazesi g\u00f6zya\u015flar\u0131 ile son yolculu\u011funa u\u011furland\u0131. D\u00fc\u011f\u00fcn i\u00e7in&#8230;<\/p>\n","protected":false},"author":2,"featured_media":29155,"comment_status":"open","ping_status":"open","sticky":false,"template":"","format":"standard","meta":{"footnotes":""},"categories":[8,6,5],"tags":[],"class_list":["post-29156","post","type-post","status-publish","format-standard","has-post-thumbnail","hentry","category-arsiv","category-gundem","category-son-dakika"],"_links":{"self":[{"href":"https:\/\/eskigazeteci.com\/index.php?rest_route=\/wp\/v2\/posts\/29156","targetHints":{"allow":["GET"]}}],"collection":[{"href":"https:\/\/eskigazeteci.com\/index.php?rest_route=\/wp\/v2\/posts"}],"about":[{"href":"https:\/\/eskigazeteci.com\/index.php?rest_route=\/wp\/v2\/types\/post"}],"author":[{"embeddable":true,"href":"https:\/\/eskigazeteci.com\/index.php?rest_route=\/wp\/v2\/users\/2"}],"replies":[{"embeddable":true,"href":"https:\/\/eskigazeteci.com\/index.php?rest_route=%2Fwp%2Fv2%2Fcomments&post=29156"}],"version-history":[{"count":0,"href":"https:\/\/eskigazeteci.com\/index.php?rest_route=\/wp\/v2\/posts\/29156\/revisions"}],"wp:featuredmedia":[{"embeddable":true,"href":"https:\/\/eskigazeteci.com\/index.php?rest_route=\/wp\/v2\/media\/29155"}],"wp:attachment":[{"href":"https:\/\/eskigazeteci.com\/index.php?rest_route=%2Fwp%2Fv2%2Fmedia&parent=29156"}],"wp:term":[{"taxonomy":"category","embeddable":true,"href":"https:\/\/eskigazeteci.com\/index.php?rest_route=%2Fwp%2Fv2%2Fcategories&post=29156"},{"taxonomy":"post_tag","embeddable":true,"href":"https:\/\/eskigazeteci.com\/index.php?rest_route=%2Fwp%2Fv2%2Ftags&post=29156"}],"curies":[{"name":"wp","href":"https:\/\/api.w.org\/{rel}","templated":true}]}}