{"id":29152,"date":"2026-04-26T11:12:22","date_gmt":"2026-04-26T11:12:22","guid":{"rendered":"https:\/\/eskigazeteci.com\/?p=29152"},"modified":"2026-04-26T11:12:22","modified_gmt":"2026-04-26T11:12:22","slug":"bursluluk-sinavi-puan-hesaplama-tablosu-formulu-2026","status":"publish","type":"post","link":"https:\/\/eskigazeteci.com\/?p=29152","title":{"rendered":"BURSLULUK SINAVI PUAN HESAPLAMA TABLOSU (FORM\u00dcL\u00dc) 2026"},"content":{"rendered":"<p>\u0130OKBS puan hesaplama tablosu, 26 Nisan Pazar g\u00fcn\u00fc ger\u00e7ekle\u015ftirilen oturuma kat\u0131lan adaylar taraf\u0131ndan inceleniyor. 5, 6, 7, 8. s\u0131n\u0131f ile haz\u0131rl\u0131k s\u0131n\u0131f\u0131, 9, 10 ve 11. s\u0131n\u0131f Bursluluk S\u0131nav\u0131&#x27;nda t\u00fcm s\u0131n\u0131f seviyelerindeki \u00f6\u011frencilere 80 sorudan olu\u015fan test y\u00f6neltildi. Adaylara 100 dakika tan\u0131nan s\u0131nav, tek oturumla tamamland\u0131. Bununla birlikte Bursluluk S\u0131nav\u0131 cevap anahtar\u0131n\u0131n yay\u0131nlamas\u0131yla \u00f6\u011frencilerin, do\u011fru ve yanl\u0131\u015f cevap say\u0131lar\u0131 do\u011frultusunda puan hesaplama imkan\u0131 olacak. Peki \u0130OKBS Bursluluk S\u0131nav\u0131 puan\u0131 nas\u0131l hesaplan\u0131r, kat say\u0131s\u0131 ka\u00e7? \u0130\u015fte ayr\u0131nt\u0131lar&#8230;<\/p>\n<p>\u0130lk\u00f6\u011fretim ve Orta\u00f6\u011fretim Kurumlar\u0131 Bursluluk S\u0131nav\u0131 (\u0130OKBS), 26 Nisan&#x27;da d\u00fczenlendi. Milli E\u011fitim Bakanl\u0131\u011f\u0131 taraf\u0131ndan ger\u00e7ekle\u015ftirilen s\u0131nava resmi ve \u00f6zel ortaokullar\u0131n 5, 6, 7 ve 8&#x27;inci s\u0131n\u0131flar\u0131 ile orta\u00f6\u011fretim kurumlar\u0131n\u0131n haz\u0131rl\u0131k s\u0131n\u0131f\u0131, 9, 10 ve 11&#x27;inci s\u0131n\u0131flar\u0131nda e\u011fitim g\u00f6ren \u00f6\u011frenciler kat\u0131l\u0131m sa\u011flad\u0131.<\/p>\n<p>\u0130lk\u00f6\u011fretim ve Orta\u00f6\u011fretim Kurumlar\u0131 Bursluluk S\u0131nav\u0131 (\u0130OKBS), 26 Nisan&#x27;da d\u00fczenlendi.<\/p>\n<p>Milli E\u011fitim Bakanl\u0131\u011f\u0131 taraf\u0131ndan ger\u00e7ekle\u015ftirilen s\u0131nava resmi ve \u00f6zel ortaokullar\u0131n 5, 6, 7 ve 8&#x27;inci s\u0131n\u0131flar\u0131 ile orta\u00f6\u011fretim kurumlar\u0131n\u0131n haz\u0131rl\u0131k s\u0131n\u0131f\u0131, 9, 10 ve 11&#x27;inci s\u0131n\u0131flar\u0131nda e\u011fitim g\u00f6ren \u00f6\u011frenciler kat\u0131l\u0131m&#8230;<\/p>\n","protected":false},"excerpt":{"rendered":"<p>Bursluluk S\u0131nav\u0131 puan hesaplama form\u00fcl\u00fc, \u0130OKBS 2026 oturumuna kat\u0131lan adaylar taraf\u0131ndan merak ediliyor. 2026 \u0130lk\u00f6\u011fretim ve Orta\u00f6\u011fretim Kurumlar\u0131 Bursluluk&#8230;<\/p>\n","protected":false},"author":2,"featured_media":29151,"comment_status":"open","ping_status":"open","sticky":false,"template":"","format":"standard","meta":{"footnotes":""},"categories":[8,6,5],"tags":[],"class_list":["post-29152","post","type-post","status-publish","format-standard","has-post-thumbnail","hentry","category-arsiv","category-gundem","category-son-dakika"],"_links":{"self":[{"href":"https:\/\/eskigazeteci.com\/index.php?rest_route=\/wp\/v2\/posts\/29152","targetHints":{"allow":["GET"]}}],"collection":[{"href":"https:\/\/eskigazeteci.com\/index.php?rest_route=\/wp\/v2\/posts"}],"about":[{"href":"https:\/\/eskigazeteci.com\/index.php?rest_route=\/wp\/v2\/types\/post"}],"author":[{"embeddable":true,"href":"https:\/\/eskigazeteci.com\/index.php?rest_route=\/wp\/v2\/users\/2"}],"replies":[{"embeddable":true,"href":"https:\/\/eskigazeteci.com\/index.php?rest_route=%2Fwp%2Fv2%2Fcomments&post=29152"}],"version-history":[{"count":0,"href":"https:\/\/eskigazeteci.com\/index.php?rest_route=\/wp\/v2\/posts\/29152\/revisions"}],"wp:featuredmedia":[{"embeddable":true,"href":"https:\/\/eskigazeteci.com\/index.php?rest_route=\/wp\/v2\/media\/29151"}],"wp:attachment":[{"href":"https:\/\/eskigazeteci.com\/index.php?rest_route=%2Fwp%2Fv2%2Fmedia&parent=29152"}],"wp:term":[{"taxonomy":"category","embeddable":true,"href":"https:\/\/eskigazeteci.com\/index.php?rest_route=%2Fwp%2Fv2%2Fcategories&post=29152"},{"taxonomy":"post_tag","embeddable":true,"href":"https:\/\/eskigazeteci.com\/index.php?rest_route=%2Fwp%2Fv2%2Ftags&post=29152"}],"curies":[{"name":"wp","href":"https:\/\/api.w.org\/{rel}","templated":true}]}}