{"id":29150,"date":"2026-04-26T11:02:19","date_gmt":"2026-04-26T11:02:19","guid":{"rendered":"https:\/\/eskigazeteci.com\/?p=29150"},"modified":"2026-04-26T11:02:19","modified_gmt":"2026-04-26T11:02:19","slug":"super-lig-devi-andre-onana-icin-devreye-girdi","status":"publish","type":"post","link":"https:\/\/eskigazeteci.com\/?p=29150","title":{"rendered":"S\u00fcper Lig devi Andre Onana i\u00e7in devreye girdi!"},"content":{"rendered":"<p>S\u00fcper Lig&#x27;de sezonun tamamlanmas\u0131na k\u0131sa bir s\u00fcre kala tak\u0131mlar transfer \u00e7al\u0131\u015fmalar\u0131na h\u0131z verirken, Trabzonspor&#x27;daki kiral\u0131k s\u00f6zle\u015fmesinin sonuna yakla\u015fan Andre Onana i\u00e7in s\u00fcrpriz bir iddia ortaya at\u0131ld\u0131.<\/p>\n<p>BE\u015e\u0130KTA\u015e DEVREDE!<\/p>\n<p>\u0130spanyol spor gazetesi AS&#x27;\u0131n haberine g\u00f6re; Trabzonspor&#x27;da bu sezon g\u00f6sterdi\u011fi etkileyici performansla ad\u0131ndan s\u00f6z ettiren Kamerunlu kaleci Andre Onana &#x27;ya Be\u015fikta\u015f talip oldu.<\/p>\n<p>MONACO VE NEOM DA \u0130ST\u0130YOR<\/p>\n<p>Tecr\u00fcbeli eldivene siyah-beyazl\u0131lar\u0131n yan\u0131 s\u0131ra Fransa&#x27;dan Monaco ve Suudi Arabistan&#x27;dan NEOM SC&#x27;nin ilgi duydu\u011fu belirtildi.<\/p>\n<p>MANCHESTER UNITED TAKIMDA \u0130STEM\u0130YOR<\/p>\n<p>Manchester United&#x27;\u0131n ise y\u0131ll\u0131k 3,5 milyon euro maa\u015f\u0131 olan Onana&#x27;y\u0131 kadrosunda d\u00fc\u015f\u00fcnmedi\u011fi ve bu yaz bonservisiyle g\u00f6ndermek istedi\u011fi belirtildi.<\/p>\n<p>PERFORMANSI<\/p>\n<p>Trabzonspor formas\u0131yla t\u00fcm kulvarlarda 28 ma\u00e7a \u00e7\u0131kan Onana, 6 ma\u00e7ta kalesini gole kapat\u0131rken, di\u011fer ma\u00e7larda toplam 35 gol yedi.<\/p>\n<p>Piyasa de\u011feri 12 milyon euro olarak g\u00f6sterilen 30 ya\u015f\u0131ndaki file bek\u00e7isinin Manchester United ile 2 y\u0131ll\u0131k daha s\u00f6zle\u015fmesi bulunuyor.<\/p>\n<p>T\u00fcrkiye&#x27;den ve D\u00fcnya\u2019dan son dakika haberleri, k\u00f6\u015fe yaz\u0131lar\u0131, magazinden siyasete, spordan seyahate b\u00fct\u00fcn konular\u0131n tek adresi Hurriyet.com.tr haber i\u00e7erikleri izin al\u0131nmadan,&#8230;<\/p>\n","protected":false},"excerpt":{"rendered":"<p>T\u00fcrkiye Kupas\u0131 \u00e7eyrek finalinde kurtard\u0131\u011f\u0131 3 penalt\u0131 ile Trabzonspor&#8217;u yar\u0131 finale ta\u015f\u0131yan Andre Onana i\u00e7in Be\u015fikta\u015f&#8217;\u0131n devreye girdi\u011fi iddia edildi.<\/p>\n","protected":false},"author":2,"featured_media":29149,"comment_status":"open","ping_status":"open","sticky":false,"template":"","format":"standard","meta":{"footnotes":""},"categories":[8,5,7],"tags":[],"class_list":["post-29150","post","type-post","status-publish","format-standard","has-post-thumbnail","hentry","category-arsiv","category-son-dakika","category-spor"],"_links":{"self":[{"href":"https:\/\/eskigazeteci.com\/index.php?rest_route=\/wp\/v2\/posts\/29150","targetHints":{"allow":["GET"]}}],"collection":[{"href":"https:\/\/eskigazeteci.com\/index.php?rest_route=\/wp\/v2\/posts"}],"about":[{"href":"https:\/\/eskigazeteci.com\/index.php?rest_route=\/wp\/v2\/types\/post"}],"author":[{"embeddable":true,"href":"https:\/\/eskigazeteci.com\/index.php?rest_route=\/wp\/v2\/users\/2"}],"replies":[{"embeddable":true,"href":"https:\/\/eskigazeteci.com\/index.php?rest_route=%2Fwp%2Fv2%2Fcomments&post=29150"}],"version-history":[{"count":0,"href":"https:\/\/eskigazeteci.com\/index.php?rest_route=\/wp\/v2\/posts\/29150\/revisions"}],"wp:featuredmedia":[{"embeddable":true,"href":"https:\/\/eskigazeteci.com\/index.php?rest_route=\/wp\/v2\/media\/29149"}],"wp:attachment":[{"href":"https:\/\/eskigazeteci.com\/index.php?rest_route=%2Fwp%2Fv2%2Fmedia&parent=29150"}],"wp:term":[{"taxonomy":"category","embeddable":true,"href":"https:\/\/eskigazeteci.com\/index.php?rest_route=%2Fwp%2Fv2%2Fcategories&post=29150"},{"taxonomy":"post_tag","embeddable":true,"href":"https:\/\/eskigazeteci.com\/index.php?rest_route=%2Fwp%2Fv2%2Ftags&post=29150"}],"curies":[{"name":"wp","href":"https:\/\/api.w.org\/{rel}","templated":true}]}}