{"id":29148,"date":"2026-04-26T10:52:19","date_gmt":"2026-04-26T10:52:19","guid":{"rendered":"https:\/\/eskigazeteci.com\/?p=29148"},"modified":"2026-04-26T10:52:19","modified_gmt":"2026-04-26T10:52:19","slug":"konusmasi-ortaya-cikti-tutuklanan-eski-vali-tuncay-sonel-gulistan-kaybolmadan-19-gun-once-bunlari-soylemis","status":"publish","type":"post","link":"https:\/\/eskigazeteci.com\/?p=29148","title":{"rendered":"Konu\u015fmas\u0131 ortaya \u00e7\u0131kt\u0131: Tutuklanan eski vali Tuncay Sonel, G\u00fclistan kaybolmadan 19 g\u00fcn \u00f6nce bunlar\u0131 s\u00f6ylemi\u015f"},"content":{"rendered":"<p>Hakimler ve Savc\u0131lar Kurulu (HSK), 2024 Haziran kararnamesiyle Tunceli\u2019ye atanan T\u00fcrkiye\u2019nin 3 kad\u0131n ba\u015fsavc\u0131s\u0131ndan biri olan Ebru Cansu, g\u00f6reve ba\u015flar ba\u015flamaz G\u00fclistan Doku dosyas\u0131n\u0131 raftan indirip incelemeye ba\u015flad\u0131. Soru\u015fturmay\u0131 ba\u015ftan ele alan Ba\u015fsavc\u0131 Ebru Cansu\u2019nun talimat\u0131yla, \u2018Jandarma Dedektifleri\u2019 olarak bilinen Jandarma Su\u00e7 Ara\u015ft\u0131rma Timleri (JASAT) personelinden olu\u015fan \u00f6zel ekip kuruldu. G\u00fclistan Doku&#x27;nun kaybolmadan \u00f6nceki g\u00fcn ve kayboldu\u011fu g\u00fcne ait kentteki t\u00fcm KGYS g\u00f6r\u00fcnt\u00fcleri, PTS kay\u0131tlar\u0131 topland\u0131. G\u00fclistan&#x27;a ait yeni g\u00f6r\u00fcnt\u00fclerin de bulundu\u011fu, 67&#x27;si ana arter olmak \u00fczere toplamda 70 KGYS ile g\u00fcvenlik kameralar\u0131na ait ek 700 saatlik g\u00f6r\u00fcnt\u00fc de dosyaya girdi. G\u00fclistan&#x27;\u0131n kaybolmadan \u00f6nce erkek arkada\u015f\u0131 Zeinal Abarakov ile g\u00f6r\u00fc\u015fmek i\u00e7in geldi\u011fi kafeye nereden geldi\u011finin, kafeden ne zaman \u00e7\u0131k\u0131p \u00f6\u011fretmenine gitti\u011finin de ortaya \u00e7\u0131kt\u0131\u011f\u0131 g\u00f6r\u00fcnt\u00fcler, Ba\u015fsavc\u0131l\u0131k ve \u00f6zel ekip taraf\u0131ndan saniye saniye izlenerek, G\u00fclistan\u2019\u0131n ak\u0131beti ara\u015ft\u0131r\u0131ld\u0131. Ayr\u0131ca dosyaya baz\u0131 \u015f\u00fcpheliler eklenerek, HTS, PTS \u00e7al\u0131\u015fmalar\u0131 da yap\u0131ld\u0131. Gerekli \u00e7al\u0131\u015fmalar\u0131n tamamlanmas\u0131n\u0131n ard\u0131ndan da operasyon ba\u015flat\u0131ld\u0131. Kay\u0131p dosyas\u0131ndan \u2018cinayet\u2019 soru\u015fturmas\u0131na d\u00f6nen dosyada, cinayet \u015f\u00fcphesiyle 14, 17&#8230;<\/p>\n","protected":false},"excerpt":{"rendered":"<p>Tunceli\u2019de G\u00fclistan Doku soru\u015fturmas\u0131 kapsam\u0131nda tutuklanan d\u00f6nemin valisi Tuncay Sonel\u2019in, gen\u00e7 k\u0131z kaybolmadan 19 g\u00fcn \u00f6nce kad\u0131na y\u00f6nelik \u015fiddetle m\u00fccadele&#8230;<\/p>\n","protected":false},"author":2,"featured_media":29147,"comment_status":"open","ping_status":"open","sticky":false,"template":"","format":"standard","meta":{"footnotes":""},"categories":[8,6,5],"tags":[],"class_list":["post-29148","post","type-post","status-publish","format-standard","has-post-thumbnail","hentry","category-arsiv","category-gundem","category-son-dakika"],"_links":{"self":[{"href":"https:\/\/eskigazeteci.com\/index.php?rest_route=\/wp\/v2\/posts\/29148","targetHints":{"allow":["GET"]}}],"collection":[{"href":"https:\/\/eskigazeteci.com\/index.php?rest_route=\/wp\/v2\/posts"}],"about":[{"href":"https:\/\/eskigazeteci.com\/index.php?rest_route=\/wp\/v2\/types\/post"}],"author":[{"embeddable":true,"href":"https:\/\/eskigazeteci.com\/index.php?rest_route=\/wp\/v2\/users\/2"}],"replies":[{"embeddable":true,"href":"https:\/\/eskigazeteci.com\/index.php?rest_route=%2Fwp%2Fv2%2Fcomments&post=29148"}],"version-history":[{"count":0,"href":"https:\/\/eskigazeteci.com\/index.php?rest_route=\/wp\/v2\/posts\/29148\/revisions"}],"wp:featuredmedia":[{"embeddable":true,"href":"https:\/\/eskigazeteci.com\/index.php?rest_route=\/wp\/v2\/media\/29147"}],"wp:attachment":[{"href":"https:\/\/eskigazeteci.com\/index.php?rest_route=%2Fwp%2Fv2%2Fmedia&parent=29148"}],"wp:term":[{"taxonomy":"category","embeddable":true,"href":"https:\/\/eskigazeteci.com\/index.php?rest_route=%2Fwp%2Fv2%2Fcategories&post=29148"},{"taxonomy":"post_tag","embeddable":true,"href":"https:\/\/eskigazeteci.com\/index.php?rest_route=%2Fwp%2Fv2%2Ftags&post=29148"}],"curies":[{"name":"wp","href":"https:\/\/api.w.org\/{rel}","templated":true}]}}