{"id":29146,"date":"2026-04-26T10:43:51","date_gmt":"2026-04-26T10:43:51","guid":{"rendered":"https:\/\/eskigazeteci.com\/?p=29146"},"modified":"2026-04-26T10:43:51","modified_gmt":"2026-04-26T10:43:51","slug":"benfica","status":"publish","type":"post","link":"https:\/\/eskigazeteci.com\/?p=29146","title":{"rendered":"Benfica"},"content":{"rendered":"<p>Portekiz S\u00fcper Ligi&#x27;nin 31. haftas\u0131nda Benfica ile Moreirense kar\u015f\u0131 kar\u015f\u0131ya geldi. Estadio da Luz&#x27;da oynanan m\u00fccadeleyi ev sahibi Benfica 4-1&#x27;lik skorla kazand\u0131.<\/p>\n<p>Benfica&#x27;ya galibiyeti getiren golleri 2. dakikada Leandro Barreira, 29. dakikada Richard Rios, 89 ve 90+2. dakikalarda Franjo Ivanovic kaydetti.<\/p>\n<p>Moreirense&#x27;nin tek gol\u00fc 26. dakikada Travassos kaydetti.<\/p>\n<p>Benfica&#x27;da ma\u00e7a ilk 11&#x27;de ba\u015flayan Dodi Lukebakio 58. dakikada kenara gelirken yerini Gianluca Prestianni&#x27;ye b\u0131rakt\u0131. Bel\u00e7ikal\u0131 oyuncu de\u011fi\u015fiklik karar\u0131n\u0131 tepki g\u00f6sterdi.<\/p>\n<p>Benfica Teknik Direkt\u00f6r\u00fc Jose Mourinho &#x27;nun kar\u015f\u0131la\u015fma sonras\u0131 a\u00e7\u0131klamalar\u0131 \u015fu \u015fekilde oldu:<\/p>\n<p>&quot;Lukebakio oyundan al\u0131nmaktan ho\u015flanmad\u0131. Oyundan \u00e7\u0131kar\u0131lmaktan ho\u015flanmayan bir oyuncunun hayal k\u0131r\u0131kl\u0131\u011f\u0131ndan yedek kul\u00fcbesi sorumlu de\u011fil. Aram\u0131zda k\u00fc\u00e7\u00fck bir tart\u0131\u015fma oldu, ki bundan asl\u0131nda keyif ald\u0131m. Ne s\u00f6ylendi? \u2018Neden oyundan al\u0131nd\u0131m? Oyundan al\u0131nmay\u0131 hak etmedim.\u2019 Bu t\u00fcr \u015feyler. Benim cevab\u0131m biraz daha sert oldu, ama sorun yok.&quot;<\/p>\n<p>Mourinho Lukebakio&#x27;nun i\u00e7in ayr\u0131ca, &quot;Bence oynad\u0131\u011f\u0131 s\u00fcrenin az olmas\u0131n\u0131n en b\u00fcy\u00fck sorumlusu Prestianni. En b\u00fcy\u00fck sorumluluk Prestianni&#x27;de. Oyuncular\u0131n kendine \u00f6zg\u00fc \u00f6zellikleri var, antren\u00f6rlerin de. Schjelderup ile&#8230;<\/p>\n","protected":false},"excerpt":{"rendered":"<p>Portekiz S\u00fcper Ligi&#8217;nin 31. haftas\u0131nda Benfica, Moreirense&#8217;yi 4-1 ma\u011flup etti. Benfica&#8217;da ilk 11&#8217;de ba\u015flayan Dodi Lukebakio oyundan \u00e7\u0131kt\u0131ktan sonra yedek&#8230;<\/p>\n","protected":false},"author":2,"featured_media":29145,"comment_status":"open","ping_status":"open","sticky":false,"template":"","format":"standard","meta":{"footnotes":""},"categories":[8,5,7],"tags":[],"class_list":["post-29146","post","type-post","status-publish","format-standard","has-post-thumbnail","hentry","category-arsiv","category-son-dakika","category-spor"],"_links":{"self":[{"href":"https:\/\/eskigazeteci.com\/index.php?rest_route=\/wp\/v2\/posts\/29146","targetHints":{"allow":["GET"]}}],"collection":[{"href":"https:\/\/eskigazeteci.com\/index.php?rest_route=\/wp\/v2\/posts"}],"about":[{"href":"https:\/\/eskigazeteci.com\/index.php?rest_route=\/wp\/v2\/types\/post"}],"author":[{"embeddable":true,"href":"https:\/\/eskigazeteci.com\/index.php?rest_route=\/wp\/v2\/users\/2"}],"replies":[{"embeddable":true,"href":"https:\/\/eskigazeteci.com\/index.php?rest_route=%2Fwp%2Fv2%2Fcomments&post=29146"}],"version-history":[{"count":0,"href":"https:\/\/eskigazeteci.com\/index.php?rest_route=\/wp\/v2\/posts\/29146\/revisions"}],"wp:featuredmedia":[{"embeddable":true,"href":"https:\/\/eskigazeteci.com\/index.php?rest_route=\/wp\/v2\/media\/29145"}],"wp:attachment":[{"href":"https:\/\/eskigazeteci.com\/index.php?rest_route=%2Fwp%2Fv2%2Fmedia&parent=29146"}],"wp:term":[{"taxonomy":"category","embeddable":true,"href":"https:\/\/eskigazeteci.com\/index.php?rest_route=%2Fwp%2Fv2%2Fcategories&post=29146"},{"taxonomy":"post_tag","embeddable":true,"href":"https:\/\/eskigazeteci.com\/index.php?rest_route=%2Fwp%2Fv2%2Ftags&post=29146"}],"curies":[{"name":"wp","href":"https:\/\/api.w.org\/{rel}","templated":true}]}}