{"id":29144,"date":"2026-04-26T10:42:18","date_gmt":"2026-04-26T10:42:18","guid":{"rendered":"https:\/\/eskigazeteci.com\/?p=29144"},"modified":"2026-04-26T10:42:18","modified_gmt":"2026-04-26T10:42:18","slug":"ozan-akbaba-tegv-cocuklarini-uzak-sehir-setinde-agirladi","status":"publish","type":"post","link":"https:\/\/eskigazeteci.com\/?p=29144","title":{"rendered":"Ozan Akbaba TEGV \u00e7ocuklar\u0131n\u0131 Uzak \u015eehir setinde a\u011f\u0131rlad\u0131"},"content":{"rendered":"<p>\u00c7EK\u0130M ARASINDA T\u00dcRK\u00dc S\u00d6YLED\u0130LER<\/p>\n<p>\u00c7ekim aras\u0131nda Ozan Akbaba ile birlikte \u201cMardinli G\u00fczel Yarim\u201d t\u00fcrk\u00fcs\u00fcn\u00fc s\u00f6yleyen \u00e7ocuklar, keyifli anlar ya\u015fad\u0131. \u00d6\u011frenciler daha sonra Sinem \u00dcnsal, Gonca Cilasun, Atakan \u00d6zkaya, Alper \u00c7ankaya ve Dilin D\u00f6\u011fer ile sohbet etti. Gonca Cilasun, \u00e7ocuklara kitap okuman\u0131n \u00f6nemine dikkat \u00e7ekti. Oyuncular TEGV \u2019li \u00e7ocuklar\u0131n 23 Nisan Ulusal Egemenlik ve \u00c7ocuk Bayram\u0131\u2019n\u0131 da kutlad\u0131.<\/p>\n<p>KAR\u015eILIKLI HED\u0130YELER VER\u0130LD\u0130<\/p>\n<p>Ziyaret s\u0131ras\u0131nda \u00e7ocuklar ile oyuncular aras\u0131nda kar\u015f\u0131l\u0131kl\u0131 hediyele\u015fme ya\u015fand\u0131. Elif Aks\u00f6z\u2019\u00fcn el eme\u011fiyle haz\u0131rlad\u0131\u011f\u0131 anahtarl\u0131klar, Uzak \u015eehir oyuncular\u0131na duygusal anlar ya\u015fatt\u0131. \u00dcnl\u00fc isimler de \u00e7ocuklara oyuncaklar hediye etti. G\u00fcn, hat\u0131ra foto\u011fraflar\u0131n\u0131n \u00e7ekilmesiyle sona erdi.<\/p>\n<p>AyNa Yap\u0131m imzal\u0131 Uzak \u015eehir , yeni b\u00f6l\u00fcm\u00fcyle pazartesi ak\u015fam\u0131 saat 20.00\u2019de Kanal D&#x27;de.<\/p>\n<p>T\u00fcrkiye&#x27;den ve D\u00fcnya\u2019dan son dakika haberleri, k\u00f6\u015fe yaz\u0131lar\u0131, magazinden siyasete, spordan seyahate b\u00fct\u00fcn konular\u0131n tek adresi Hurriyet.com.tr haber i\u00e7erikleri izin al\u0131nmadan, kaynak g\u00f6sterilerek dahi iktibas edilemez. Kanuna ayk\u0131r\u0131 ve izinsiz olarak kopyalanamaz, ba\u015fka yerde yay\u0131nlanamaz.<\/p>\n","protected":false},"excerpt":{"rendered":"<p>Kanal D\u2019nin rekortmen dizisi Uzak \u015eehir\u2019in Midyat\u2019taki \u00e7ekim platosu, TEGV Midyat \u00d6\u011frenim Birimi\u2019nden \u00e7ocuklar\u0131 a\u011f\u0131rlad\u0131. Dizide Cihan Albora karakterine&#8230;<\/p>\n","protected":false},"author":2,"featured_media":29143,"comment_status":"open","ping_status":"open","sticky":false,"template":"","format":"standard","meta":{"footnotes":""},"categories":[8,6,5],"tags":[],"class_list":["post-29144","post","type-post","status-publish","format-standard","has-post-thumbnail","hentry","category-arsiv","category-gundem","category-son-dakika"],"_links":{"self":[{"href":"https:\/\/eskigazeteci.com\/index.php?rest_route=\/wp\/v2\/posts\/29144","targetHints":{"allow":["GET"]}}],"collection":[{"href":"https:\/\/eskigazeteci.com\/index.php?rest_route=\/wp\/v2\/posts"}],"about":[{"href":"https:\/\/eskigazeteci.com\/index.php?rest_route=\/wp\/v2\/types\/post"}],"author":[{"embeddable":true,"href":"https:\/\/eskigazeteci.com\/index.php?rest_route=\/wp\/v2\/users\/2"}],"replies":[{"embeddable":true,"href":"https:\/\/eskigazeteci.com\/index.php?rest_route=%2Fwp%2Fv2%2Fcomments&post=29144"}],"version-history":[{"count":0,"href":"https:\/\/eskigazeteci.com\/index.php?rest_route=\/wp\/v2\/posts\/29144\/revisions"}],"wp:featuredmedia":[{"embeddable":true,"href":"https:\/\/eskigazeteci.com\/index.php?rest_route=\/wp\/v2\/media\/29143"}],"wp:attachment":[{"href":"https:\/\/eskigazeteci.com\/index.php?rest_route=%2Fwp%2Fv2%2Fmedia&parent=29144"}],"wp:term":[{"taxonomy":"category","embeddable":true,"href":"https:\/\/eskigazeteci.com\/index.php?rest_route=%2Fwp%2Fv2%2Fcategories&post=29144"},{"taxonomy":"post_tag","embeddable":true,"href":"https:\/\/eskigazeteci.com\/index.php?rest_route=%2Fwp%2Fv2%2Ftags&post=29144"}],"curies":[{"name":"wp","href":"https:\/\/api.w.org\/{rel}","templated":true}]}}