{"id":29142,"date":"2026-04-26T10:28:28","date_gmt":"2026-04-26T10:28:28","guid":{"rendered":"https:\/\/eskigazeteci.com\/?p=29142"},"modified":"2026-04-26T10:28:28","modified_gmt":"2026-04-26T10:28:28","slug":"jandarma-traktor-suruculerine-egitim-verip-ucretsiz-dagitti","status":"publish","type":"post","link":"https:\/\/eskigazeteci.com\/?p=29142","title":{"rendered":"Jandarma, trakt\u00f6r s\u00fcr\u00fcc\u00fclerine e\u011fitim verip \u00fccretsiz da\u011f\u0131tt\u0131"},"content":{"rendered":"<p>Gaziantep \u0130l Jandarma Komutanl\u0131\u011f\u0131 Trafik Jandarmas\u0131 ekipleri, trakt\u00f6rlerin kara yollar\u0131nda seyri s\u0131ras\u0131nda g\u00f6r\u00fcn\u00fcrl\u00fc\u011f\u00fc art\u0131rmak ve g\u00fcvenli trafik ak\u0131\u015f\u0131n\u0131 sa\u011flamak amac\u0131yla \u00e7al\u0131\u015fmalar\u0131na devam ediyor.<\/p>\n<p>Gaziantep Valili\u011fi, B\u00fcy\u00fck\u015fehir Belediyesi ve \u0130l Jandarma Komutanl\u0131\u011f\u0131 i\u015f birli\u011finde y\u00fcr\u00fct\u00fclen &quot;Reflekt\u00f6r Tak, G\u00f6r\u00fcn\u00fcr Ol&quot; projesi kapsam\u0131nda O\u011fuzeli il\u00e7esinde 300 trakt\u00f6r s\u00fcr\u00fcc\u00fcs\u00fcne &quot;sar\u0131 ikaz lambas\u0131 kullanma, trakt\u00f6r r\u00f6morklar\u0131nda bulunmas\u0131 zorunlu olan reflekt\u00f6r ve rops demiri kullan\u0131m\u0131n\u0131n trafik kazalar\u0131ndaki \u00f6nemi&quot; konular\u0131nda trafik bilgilendirme semineri verildi. Bilgilendirme faaliyeti sonras\u0131 reflekt\u00f6r bulunmayan trakt\u00f6r r\u00f6morklar\u0131na 600 adet reflekt\u00f6r da\u011f\u0131t\u0131ld\u0131.<\/p>\n<p>Vatanda\u015flara reflekt\u00f6r kullan\u0131m\u0131n\u0131n \u00f6nemi ve fark\u0131ndal\u0131\u011f\u0131 amac\u0131yla bilgilendirmelerde bulunuldu.<\/p>\n<p>T\u00fcrkiye g\u00fcndeminden son dakika haberleri, bug\u00fcn ya\u015fanan en son geli\u015fmeler, siyaset g\u00fcndeminden g\u00fcncel haberler ve b\u00fct\u00fcn son dakika haberleri i\u00e7in H\u00fcrriyet&#x27;in internet haber sitesi hurriyet.com.tr; Hurriyet.com.tr haber i\u00e7erikleri kaynak g\u00f6sterilmeden al\u0131nt\u0131 yap\u0131lamaz, Kanuna ayk\u0131r\u0131 ve izinsiz olarak kopyalanamaz, ba\u015fka yerde yay\u0131nlanamaz.<\/p>\n","protected":false},"excerpt":{"rendered":"<p>Gaziantep&#8217;te jandarma ekipleri, Reflekt\u00f6r Tak, G\u00f6r\u00fcn\u00fcr Ol projesi kapsam\u0131nda O\u011fuzeli il\u00e7esinde 300 trakt\u00f6r s\u00fcr\u00fcc\u00fcs\u00fcne e\u011fitim vererek 600 adet reflekt\u00f6r&#8230;<\/p>\n","protected":false},"author":2,"featured_media":29141,"comment_status":"open","ping_status":"open","sticky":false,"template":"","format":"standard","meta":{"footnotes":""},"categories":[8,6,5],"tags":[],"class_list":["post-29142","post","type-post","status-publish","format-standard","has-post-thumbnail","hentry","category-arsiv","category-gundem","category-son-dakika"],"_links":{"self":[{"href":"https:\/\/eskigazeteci.com\/index.php?rest_route=\/wp\/v2\/posts\/29142","targetHints":{"allow":["GET"]}}],"collection":[{"href":"https:\/\/eskigazeteci.com\/index.php?rest_route=\/wp\/v2\/posts"}],"about":[{"href":"https:\/\/eskigazeteci.com\/index.php?rest_route=\/wp\/v2\/types\/post"}],"author":[{"embeddable":true,"href":"https:\/\/eskigazeteci.com\/index.php?rest_route=\/wp\/v2\/users\/2"}],"replies":[{"embeddable":true,"href":"https:\/\/eskigazeteci.com\/index.php?rest_route=%2Fwp%2Fv2%2Fcomments&post=29142"}],"version-history":[{"count":0,"href":"https:\/\/eskigazeteci.com\/index.php?rest_route=\/wp\/v2\/posts\/29142\/revisions"}],"wp:featuredmedia":[{"embeddable":true,"href":"https:\/\/eskigazeteci.com\/index.php?rest_route=\/wp\/v2\/media\/29141"}],"wp:attachment":[{"href":"https:\/\/eskigazeteci.com\/index.php?rest_route=%2Fwp%2Fv2%2Fmedia&parent=29142"}],"wp:term":[{"taxonomy":"category","embeddable":true,"href":"https:\/\/eskigazeteci.com\/index.php?rest_route=%2Fwp%2Fv2%2Fcategories&post=29142"},{"taxonomy":"post_tag","embeddable":true,"href":"https:\/\/eskigazeteci.com\/index.php?rest_route=%2Fwp%2Fv2%2Ftags&post=29142"}],"curies":[{"name":"wp","href":"https:\/\/api.w.org\/{rel}","templated":true}]}}