{"id":29140,"date":"2026-04-26T10:26:56","date_gmt":"2026-04-26T10:26:56","guid":{"rendered":"https:\/\/eskigazeteci.com\/?p=29140"},"modified":"2026-04-26T10:26:56","modified_gmt":"2026-04-26T10:26:56","slug":"bakan-ersoy-dunya-fikri-mulkiyet-gununu-kutladi","status":"publish","type":"post","link":"https:\/\/eskigazeteci.com\/?p=29140","title":{"rendered":"Bakan Ersoy, D\u00fcnya Fikri M\u00fclkiyet G\u00fcn\u00fc&#8217;n\u00fc kutlad\u0131"},"content":{"rendered":"<p>Ersoy, 26 Nisan D\u00fcnya Fikri M\u00fclkiyet G\u00fcn\u00fc dolay\u0131s\u0131yla yapt\u0131\u011f\u0131 yaz\u0131l\u0131 a\u00e7\u0131klamada, fikri m\u00fclkiyetin, insan yarat\u0131c\u0131l\u0131\u011f\u0131n\u0131 koruyarak yenilik\u00e7ili\u011fi te\u015fvik eden ve k\u00fclt\u00fcrel ile ekonomik geli\u015fimi destekleyen temel bir de\u011fer oldu\u011funu belirtti.<\/p>\n<p>D\u00fcnya Fikri M\u00fclkiyet G\u00fcn\u00fc &#x27;n\u00fcn, D\u00fcnya Fikri M\u00fclkiyet \u00d6rg\u00fct\u00fc (WIPO) taraf\u0131ndan 2000&#x27;den bu yana fikri m\u00fclkiyet haklar\u0131n\u0131n \u00f6nemine dikkat \u00e7ekmek ve yarat\u0131c\u0131l\u0131kla yenilik\u00e7ili\u011fin toplumlar\u0131n geli\u015fimindeki rol\u00fcn\u00fc vurgulamak amac\u0131yla kutland\u0131\u011f\u0131n\u0131 an\u0131msatan Ersoy, bu y\u0131l\u0131n temas\u0131n\u0131n &quot;Fikri M\u00fclkiyet ve Spor&quot; olarak belirlendi\u011fini aktard\u0131.<\/p>\n<p>Bakan Ersoy, m\u00fcsabakalar\u0131n ekranlara ta\u015f\u0131nmas\u0131ndan spor belgesellerine, taraftar deneyimlerini zenginle\u015ftiren \u00f6zg\u00fcn \u00e7al\u0131\u015fmalardan koreografilere, yeni teknolojilerden tasar\u0131mlara kadar her \u00fcretimin, telif haklar\u0131 veya fikri m\u00fclkiyetin konusu oldu\u011funu ifade ederek, \u015funlar\u0131 kaydetti:<\/p>\n<p>&quot;Teknoloji \u00e7a\u011f\u0131nda fikri m\u00fclkiyet, hak sahiplerine hukuki koruma arac\u0131 olman\u0131n \u00f6tesine ge\u00e7mi\u015f \u00fclkelerin gelece\u011finin vazge\u00e7ilmez bir unsuru haline gelmi\u015ftir. Biz de Bakanl\u0131k olarak bu alandaki kazan\u0131mlar\u0131m\u0131z\u0131 koruma ve geli\u015ftirme noktas\u0131ndaki \u00e7al\u0131\u015fmalar\u0131m\u0131z\u0131 kararl\u0131l\u0131kla s\u00fcrd\u00fcrece\u011fiz. Bu \u00f6zel g\u00fcnde, bilimin, k\u00fclt\u00fcr\u00fcn ve sanat\u0131n \u0131\u015f\u0131\u011f\u0131nda&#8230;<\/p>\n","protected":false},"excerpt":{"rendered":"<p>K\u00fclt\u00fcr ve Turizm Bakan\u0131 Mehmet Nuri Ersoy, Teknoloji \u00e7a\u011f\u0131nda fikri m\u00fclkiyet, hak sahiplerine hukuki koruma arac\u0131 olman\u0131n \u00f6tesine ge\u00e7mi\u015f \u00fclkelerin gelece\u011finin&#8230;<\/p>\n","protected":false},"author":2,"featured_media":29139,"comment_status":"open","ping_status":"open","sticky":false,"template":"","format":"standard","meta":{"footnotes":""},"categories":[8,6,5],"tags":[],"class_list":["post-29140","post","type-post","status-publish","format-standard","has-post-thumbnail","hentry","category-arsiv","category-gundem","category-son-dakika"],"_links":{"self":[{"href":"https:\/\/eskigazeteci.com\/index.php?rest_route=\/wp\/v2\/posts\/29140","targetHints":{"allow":["GET"]}}],"collection":[{"href":"https:\/\/eskigazeteci.com\/index.php?rest_route=\/wp\/v2\/posts"}],"about":[{"href":"https:\/\/eskigazeteci.com\/index.php?rest_route=\/wp\/v2\/types\/post"}],"author":[{"embeddable":true,"href":"https:\/\/eskigazeteci.com\/index.php?rest_route=\/wp\/v2\/users\/2"}],"replies":[{"embeddable":true,"href":"https:\/\/eskigazeteci.com\/index.php?rest_route=%2Fwp%2Fv2%2Fcomments&post=29140"}],"version-history":[{"count":0,"href":"https:\/\/eskigazeteci.com\/index.php?rest_route=\/wp\/v2\/posts\/29140\/revisions"}],"wp:featuredmedia":[{"embeddable":true,"href":"https:\/\/eskigazeteci.com\/index.php?rest_route=\/wp\/v2\/media\/29139"}],"wp:attachment":[{"href":"https:\/\/eskigazeteci.com\/index.php?rest_route=%2Fwp%2Fv2%2Fmedia&parent=29140"}],"wp:term":[{"taxonomy":"category","embeddable":true,"href":"https:\/\/eskigazeteci.com\/index.php?rest_route=%2Fwp%2Fv2%2Fcategories&post=29140"},{"taxonomy":"post_tag","embeddable":true,"href":"https:\/\/eskigazeteci.com\/index.php?rest_route=%2Fwp%2Fv2%2Ftags&post=29140"}],"curies":[{"name":"wp","href":"https:\/\/api.w.org\/{rel}","templated":true}]}}