{"id":29128,"date":"2026-04-26T10:02:16","date_gmt":"2026-04-26T10:02:16","guid":{"rendered":"https:\/\/eskigazeteci.com\/?p=29128"},"modified":"2026-04-26T10:02:16","modified_gmt":"2026-04-26T10:02:16","slug":"son-dakika-cumhurbaskani-erdogandan-abd-baskani-trumpa-gecmis-olsun-mesaji","status":"publish","type":"post","link":"https:\/\/eskigazeteci.com\/?p=29128","title":{"rendered":"Son dakika&#8230; Cumhurba\u015fkan\u0131 Erdo\u011fan&#8217;dan ABD Ba\u015fkan\u0131 Trump&#8217;a ge\u00e7mi\u015f olsun mesaj\u0131"},"content":{"rendered":"<p>\u0130\u015fte Cumhurba\u015fkan\u0131 Erdo\u011fan &#x27;\u0131n mesaj\u0131:<\/p>\n<p>D\u00fcn gece Va\u015fington\u2019da Beyaz Saray Muhabirleri yeme\u011finde ger\u00e7ekle\u015fen silahl\u0131 sald\u0131r\u0131 giri\u015fimini k\u0131n\u0131yorum. ABD Ba\u015fkan\u0131 Say\u0131n Trump ve de\u011ferli e\u015fi Melania Han\u0131m ba\u015fta olmak \u00fczere kimsenin yaralanmamas\u0131, bizler i\u00e7in sevindiricidir. Demokrasilerde m\u00fccadele fikirle yap\u0131l\u0131r, \u015fiddetin hi\u00e7bir t\u00fcrl\u00fcs\u00fcne yer yoktur. Ba\u015fkan Trump\u2019a, e\u015fine, ABD y\u00f6netimine ve Amerikan halk\u0131na ge\u00e7mi\u015f olsun dileklerimi iletiyorum.<\/p>\n<p>T\u00fcrkiye g\u00fcndeminden son dakika haberleri, bug\u00fcn ya\u015fanan en son geli\u015fmeler, siyaset g\u00fcndeminden g\u00fcncel haberler ve b\u00fct\u00fcn son dakika haberleri i\u00e7in H\u00fcrriyet&#x27;in internet haber sitesi hurriyet.com.tr; Hurriyet.com.tr haber i\u00e7erikleri kaynak g\u00f6sterilmeden al\u0131nt\u0131 yap\u0131lamaz, Kanuna ayk\u0131r\u0131 ve izinsiz olarak kopyalanamaz, ba\u015fka yerde yay\u0131nlanamaz.<\/p>\n","protected":false},"excerpt":{"rendered":"<p>Cumhurba\u015fkan\u0131 Erdo\u011fan, ABD Ba\u015fkan\u0131 Trump&#8217;\u0131n Beyaz Saray Muhabirleri yeme\u011finde u\u011frad\u0131\u011f\u0131 silahl\u0131 sald\u0131r\u0131 giri\u015fimi nedeniyle ge\u00e7mi\u015f olsun mesaj\u0131 yay\u0131nlad\u0131.<\/p>\n","protected":false},"author":2,"featured_media":29127,"comment_status":"open","ping_status":"open","sticky":false,"template":"","format":"standard","meta":{"footnotes":""},"categories":[8,6,5],"tags":[],"class_list":["post-29128","post","type-post","status-publish","format-standard","has-post-thumbnail","hentry","category-arsiv","category-gundem","category-son-dakika"],"_links":{"self":[{"href":"https:\/\/eskigazeteci.com\/index.php?rest_route=\/wp\/v2\/posts\/29128","targetHints":{"allow":["GET"]}}],"collection":[{"href":"https:\/\/eskigazeteci.com\/index.php?rest_route=\/wp\/v2\/posts"}],"about":[{"href":"https:\/\/eskigazeteci.com\/index.php?rest_route=\/wp\/v2\/types\/post"}],"author":[{"embeddable":true,"href":"https:\/\/eskigazeteci.com\/index.php?rest_route=\/wp\/v2\/users\/2"}],"replies":[{"embeddable":true,"href":"https:\/\/eskigazeteci.com\/index.php?rest_route=%2Fwp%2Fv2%2Fcomments&post=29128"}],"version-history":[{"count":0,"href":"https:\/\/eskigazeteci.com\/index.php?rest_route=\/wp\/v2\/posts\/29128\/revisions"}],"wp:featuredmedia":[{"embeddable":true,"href":"https:\/\/eskigazeteci.com\/index.php?rest_route=\/wp\/v2\/media\/29127"}],"wp:attachment":[{"href":"https:\/\/eskigazeteci.com\/index.php?rest_route=%2Fwp%2Fv2%2Fmedia&parent=29128"}],"wp:term":[{"taxonomy":"category","embeddable":true,"href":"https:\/\/eskigazeteci.com\/index.php?rest_route=%2Fwp%2Fv2%2Fcategories&post=29128"},{"taxonomy":"post_tag","embeddable":true,"href":"https:\/\/eskigazeteci.com\/index.php?rest_route=%2Fwp%2Fv2%2Ftags&post=29128"}],"curies":[{"name":"wp","href":"https:\/\/api.w.org\/{rel}","templated":true}]}}