{"id":29126,"date":"2026-04-26T09:52:11","date_gmt":"2026-04-26T09:52:11","guid":{"rendered":"https:\/\/eskigazeteci.com\/?p=29126"},"modified":"2026-04-26T09:52:11","modified_gmt":"2026-04-26T09:52:11","slug":"gs-fb-derbi-maci-canli-yayin-3","status":"publish","type":"post","link":"https:\/\/eskigazeteci.com\/?p=29126","title":{"rendered":"GS &#8211; FB DERB\u0130 MA\u00c7I CANLI YAYIN"},"content":{"rendered":"<p>GS &#8211; FB DERB\u0130 MA\u00c7I CANLI YAYIN || Galatasaray &#8211; Fenerbah\u00e7e ma\u00e7\u0131 ne zaman, saat ka\u00e7ta? Galatarasay Fenerbah\u00e7e derbisi hangi kanalda, \u015fifresiz mi? \u0130\u015fte muhtemel 11&#x27;ler&#8230;<\/p>\n<p>S\u00fcper Lig\u2019in 31. haftas\u0131nda derbide Galatasaray ile Fenerbah\u00e7e saat 20.00\u2019de kar\u015f\u0131 kar\u015f\u0131ya gelecek. RAMS Park\u2019ta oynanacak m\u00fcsabakada hakem Yasin Kol d\u00fcd\u00fck \u00e7alacak.<\/p>\n<p>Kol\u2019un yard\u0131mc\u0131l\u0131klar\u0131n\u0131 Abdullah Bora \u00d6zkara ile Bahtiyar Birinci yapacak. \u00c7a\u011fda\u015f Altay da 4. hakem olacak.<\/p>\n<p>VAR HAKEM\u0130 BELL\u0130 OLDU!<\/p>\n<p>Galatasaray &#8211; Fenerbah\u00e7e derbisinin VAR koltu\u011funda \u00d6mer Faruk Turtay g\u00f6rev yapacak.<\/p>\n<p>Turtay\u2019a AVAR\u2019da \u0130brahim \u00c7a\u011flar Uyarcan ile Abdullah Bu\u011fra Ta\u015fk\u0131nsoy e\u015flik edecek.<\/p>\n<p>71 puanla zirvede yer alan ev sahibi Galatasaray , ezeli rakiplerini yendikleri takdirde fark\u0131 7\u2019ye \u00e7\u0131karacak ve ligin bitimine 3 hafta kala \u015fampiyonluk yolunda dev bir ad\u0131m atacak.<\/p>\n<p>Fenerbah\u00e7e kazan\u0131rsa puan fark\u0131 1\u2019e inecek ve yar\u0131\u015f yeniden ba\u015flayacak.<\/p>\n<p>Beraberlik halinde 4 puanl\u0131k fark korunaca\u011f\u0131 i\u00e7in Galatasaray yine b\u00fcy\u00fck bir avantaj\u0131 korumu\u015f olacak.<\/p>\n<p>Galatasaray: U\u011furcan, Sallai, Davinson, Abd\u00fclkerim, Jakobs, Torreira, Sara, Sane, Yunus, Bar\u0131\u015f Alper, Osimhen.<\/p>\n<p>Fenerbah\u00e7e: Ederson, Semedo, Skriniar, Oosterwolde, Brown, Kante, Guendouzi, Nene, Kerem,&#8230;<\/p>\n","protected":false},"excerpt":{"rendered":"<p>Galatasaray Fenerbah\u00e7e ma\u00e7\u0131 hangi kanalda, saat ka\u00e7ta sorusu, derbi heyecan\u0131yla futbolseverler taraf\u0131ndan sorgulan\u0131yor. S\u00fcper Lig&#8217;de lider Galatasaray, 31&#8230;.<\/p>\n","protected":false},"author":2,"featured_media":29125,"comment_status":"open","ping_status":"open","sticky":false,"template":"","format":"standard","meta":{"footnotes":""},"categories":[8,5,7],"tags":[],"class_list":["post-29126","post","type-post","status-publish","format-standard","has-post-thumbnail","hentry","category-arsiv","category-son-dakika","category-spor"],"_links":{"self":[{"href":"https:\/\/eskigazeteci.com\/index.php?rest_route=\/wp\/v2\/posts\/29126","targetHints":{"allow":["GET"]}}],"collection":[{"href":"https:\/\/eskigazeteci.com\/index.php?rest_route=\/wp\/v2\/posts"}],"about":[{"href":"https:\/\/eskigazeteci.com\/index.php?rest_route=\/wp\/v2\/types\/post"}],"author":[{"embeddable":true,"href":"https:\/\/eskigazeteci.com\/index.php?rest_route=\/wp\/v2\/users\/2"}],"replies":[{"embeddable":true,"href":"https:\/\/eskigazeteci.com\/index.php?rest_route=%2Fwp%2Fv2%2Fcomments&post=29126"}],"version-history":[{"count":0,"href":"https:\/\/eskigazeteci.com\/index.php?rest_route=\/wp\/v2\/posts\/29126\/revisions"}],"wp:featuredmedia":[{"embeddable":true,"href":"https:\/\/eskigazeteci.com\/index.php?rest_route=\/wp\/v2\/media\/29125"}],"wp:attachment":[{"href":"https:\/\/eskigazeteci.com\/index.php?rest_route=%2Fwp%2Fv2%2Fmedia&parent=29126"}],"wp:term":[{"taxonomy":"category","embeddable":true,"href":"https:\/\/eskigazeteci.com\/index.php?rest_route=%2Fwp%2Fv2%2Fcategories&post=29126"},{"taxonomy":"post_tag","embeddable":true,"href":"https:\/\/eskigazeteci.com\/index.php?rest_route=%2Fwp%2Fv2%2Ftags&post=29126"}],"curies":[{"name":"wp","href":"https:\/\/api.w.org\/{rel}","templated":true}]}}