{"id":29114,"date":"2026-04-26T09:15:11","date_gmt":"2026-04-26T09:15:11","guid":{"rendered":"https:\/\/eskigazeteci.com\/?p=29114"},"modified":"2026-04-26T09:15:11","modified_gmt":"2026-04-26T09:15:11","slug":"star-verildi-61-cumhurbaskanligi-turkiye-bisiklet-turu-basladi","status":"publish","type":"post","link":"https:\/\/eskigazeteci.com\/?p=29114","title":{"rendered":"Star verildi, 61. Cumhurba\u015fkanl\u0131\u011f\u0131 T\u00fcrkiye Bisiklet Turu ba\u015flad\u0131"},"content":{"rendered":"<p>Bu y\u0131l 61&#x27;incisi d\u00fczenlenen, Uluslararas\u0131 Bisiklet Birli\u011finin (UCI) Avrupa Turlar\u0131 takviminde yer alan, T\u00fcrkiye&#x27;nin &quot;ProSeries&quot; kategorisindeki tek bisiklet yar\u0131\u015f\u0131 olan Cumhurba\u015fkanl\u0131\u011f\u0131 T\u00fcrkiye Bisiklet Turu, \u00c7e\u015fme-Sel\u00e7uk etab\u0131yla ba\u015flad\u0131.<\/p>\n<p>SPORCULAR 148,7 K\u0130LOMETRE PEDAL \u00c7EV\u0130RECEK<\/p>\n<p>\u00c7e\u015fme Kalesi&#x27;nden ba\u015flayan etab\u0131n start\u0131na, Vali S\u00fcleyman Elban&#x27;\u0131n yan\u0131 s\u0131ra Gen\u00e7lik ve Spor Bakanl\u0131\u011f\u0131 Spor Hizmetleri Genel M\u00fcd\u00fcr\u00fc ve T\u00fcrkiye Milli Olimpiyat Komitesi Ba\u015fkan\u0131 Veli Ozan \u00c7ak\u0131r, AK Parti \u0130zmir Milletvekili Ceyda B\u00f6l\u00fcnmez \u00c7ank\u0131r\u0131, Milliyet\u00e7i Hareket Partisi \u0130zmir Milletvekili Tamer Osmana\u011fao\u011flu, \u00c7e\u015fme Kaymakam\u0131 Mehmet Mara\u015fl\u0131 ve T\u00fcrkiye Bisiklet Federasyonu Ba\u015fkan\u0131 Emin M\u00fcft\u00fco\u011flu kat\u0131ld\u0131.<\/p>\n<p>Organizasyonda 23 tak\u0131mdan 158 sporcu, \u00c7e\u015fme -Sel\u00e7uk etab\u0131nda 148,7 kilometre pedal \u00e7evirecek.<\/p>\n<p>T\u00fcrkiye g\u00fcndeminden son dakika haberleri, bug\u00fcn ya\u015fanan en son geli\u015fmeler, siyaset g\u00fcndeminden g\u00fcncel haberler ve b\u00fct\u00fcn son dakika haberleri i\u00e7in H\u00fcrriyet&#x27;in internet haber sitesi hurriyet.com.tr; Hurriyet.com.tr haber i\u00e7erikleri kaynak g\u00f6sterilmeden al\u0131nt\u0131 yap\u0131lamaz, Kanuna ayk\u0131r\u0131 ve izinsiz olarak kopyalanamaz, ba\u015fka yerde yay\u0131nlanamaz.<\/p>\n","protected":false},"excerpt":{"rendered":"<p>61. Cumhurba\u015fkanl\u0131\u011f\u0131 T\u00fcrkiye Bisiklet Turu&#8217;nun (TUR 2026) start\u0131, \u0130zmir Valisi S\u00fcleyman Elban taraf\u0131ndan \u0130zmir&#8217;in \u00c7e\u015fme il\u00e7esinde verildi.<\/p>\n","protected":false},"author":2,"featured_media":29113,"comment_status":"open","ping_status":"open","sticky":false,"template":"","format":"standard","meta":{"footnotes":""},"categories":[8,6,5],"tags":[],"class_list":["post-29114","post","type-post","status-publish","format-standard","has-post-thumbnail","hentry","category-arsiv","category-gundem","category-son-dakika"],"_links":{"self":[{"href":"https:\/\/eskigazeteci.com\/index.php?rest_route=\/wp\/v2\/posts\/29114","targetHints":{"allow":["GET"]}}],"collection":[{"href":"https:\/\/eskigazeteci.com\/index.php?rest_route=\/wp\/v2\/posts"}],"about":[{"href":"https:\/\/eskigazeteci.com\/index.php?rest_route=\/wp\/v2\/types\/post"}],"author":[{"embeddable":true,"href":"https:\/\/eskigazeteci.com\/index.php?rest_route=\/wp\/v2\/users\/2"}],"replies":[{"embeddable":true,"href":"https:\/\/eskigazeteci.com\/index.php?rest_route=%2Fwp%2Fv2%2Fcomments&post=29114"}],"version-history":[{"count":0,"href":"https:\/\/eskigazeteci.com\/index.php?rest_route=\/wp\/v2\/posts\/29114\/revisions"}],"wp:featuredmedia":[{"embeddable":true,"href":"https:\/\/eskigazeteci.com\/index.php?rest_route=\/wp\/v2\/media\/29113"}],"wp:attachment":[{"href":"https:\/\/eskigazeteci.com\/index.php?rest_route=%2Fwp%2Fv2%2Fmedia&parent=29114"}],"wp:term":[{"taxonomy":"category","embeddable":true,"href":"https:\/\/eskigazeteci.com\/index.php?rest_route=%2Fwp%2Fv2%2Fcategories&post=29114"},{"taxonomy":"post_tag","embeddable":true,"href":"https:\/\/eskigazeteci.com\/index.php?rest_route=%2Fwp%2Fv2%2Ftags&post=29114"}],"curies":[{"name":"wp","href":"https:\/\/api.w.org\/{rel}","templated":true}]}}