{"id":29112,"date":"2026-04-26T09:13:40","date_gmt":"2026-04-26T09:13:40","guid":{"rendered":"https:\/\/eskigazeteci.com\/?p=29112"},"modified":"2026-04-26T09:13:40","modified_gmt":"2026-04-26T09:13:40","slug":"camiye-notla-birlikte-100-tl-birakti-hakkinizi-helal-edin","status":"publish","type":"post","link":"https:\/\/eskigazeteci.com\/?p=29112","title":{"rendered":"Camiye notla birlikte 100 TL b\u0131rakt\u0131: Hakk\u0131n\u0131z\u0131 helal edin"},"content":{"rendered":"<p>Mudurnu il\u00e7esinin tarihi camilerinden Y\u0131ld\u0131r\u0131m Bayezid Camii\u2019ne gelen ki\u015fi, namaz\u0131n\u0131 k\u0131larken cep telefonunu da \u015farj etti. Caminin elektri\u011fini kullanan ki\u015fi, \u2018Telefonumu \u015farj etti\u011fim i\u00e7in b\u0131rakt\u0131m. Hakk\u0131n\u0131z\u0131 helal edin\u2019 yaz\u0131l\u0131 notla birlikte 100 TL b\u0131rakt\u0131. Vatanda\u015f\u0131n caminin i\u00e7ine b\u0131rakt\u0131\u011f\u0131 para ve notu caminin m\u00fcezzini Ey\u00fcp Acar fark etti.<\/p>\n<p>\ufffd<\/p>\n<p>T\u00fcrkiye g\u00fcndeminden son dakika haberleri, bug\u00fcn ya\u015fanan en son geli\u015fmeler, siyaset g\u00fcndeminden g\u00fcncel haberler ve b\u00fct\u00fcn son dakika haberleri i\u00e7in H\u00fcrriyet&#x27;in internet haber sitesi hurriyet.com.tr; Hurriyet.com.tr haber i\u00e7erikleri kaynak g\u00f6sterilmeden al\u0131nt\u0131 yap\u0131lamaz, Kanuna ayk\u0131r\u0131 ve izinsiz olarak kopyalanamaz, ba\u015fka yerde yay\u0131nlanamaz.<\/p>\n","protected":false},"excerpt":{"rendered":"<p>Bolu\u2019nun Mudurnu il\u00e7esinde camide namaz k\u0131larken telefonunu \u015farj eden ki\u015fi 100 TL ile \u00fczerine \u2018Hakk\u0131n\u0131z\u0131 helal edin\u2019 yaz\u0131l\u0131 not b\u0131rakt\u0131.<\/p>\n","protected":false},"author":2,"featured_media":29111,"comment_status":"open","ping_status":"open","sticky":false,"template":"","format":"standard","meta":{"footnotes":""},"categories":[8,6,5],"tags":[],"class_list":["post-29112","post","type-post","status-publish","format-standard","has-post-thumbnail","hentry","category-arsiv","category-gundem","category-son-dakika"],"_links":{"self":[{"href":"https:\/\/eskigazeteci.com\/index.php?rest_route=\/wp\/v2\/posts\/29112","targetHints":{"allow":["GET"]}}],"collection":[{"href":"https:\/\/eskigazeteci.com\/index.php?rest_route=\/wp\/v2\/posts"}],"about":[{"href":"https:\/\/eskigazeteci.com\/index.php?rest_route=\/wp\/v2\/types\/post"}],"author":[{"embeddable":true,"href":"https:\/\/eskigazeteci.com\/index.php?rest_route=\/wp\/v2\/users\/2"}],"replies":[{"embeddable":true,"href":"https:\/\/eskigazeteci.com\/index.php?rest_route=%2Fwp%2Fv2%2Fcomments&post=29112"}],"version-history":[{"count":0,"href":"https:\/\/eskigazeteci.com\/index.php?rest_route=\/wp\/v2\/posts\/29112\/revisions"}],"wp:featuredmedia":[{"embeddable":true,"href":"https:\/\/eskigazeteci.com\/index.php?rest_route=\/wp\/v2\/media\/29111"}],"wp:attachment":[{"href":"https:\/\/eskigazeteci.com\/index.php?rest_route=%2Fwp%2Fv2%2Fmedia&parent=29112"}],"wp:term":[{"taxonomy":"category","embeddable":true,"href":"https:\/\/eskigazeteci.com\/index.php?rest_route=%2Fwp%2Fv2%2Fcategories&post=29112"},{"taxonomy":"post_tag","embeddable":true,"href":"https:\/\/eskigazeteci.com\/index.php?rest_route=%2Fwp%2Fv2%2Ftags&post=29112"}],"curies":[{"name":"wp","href":"https:\/\/api.w.org\/{rel}","templated":true}]}}