{"id":29110,"date":"2026-04-26T09:12:08","date_gmt":"2026-04-26T09:12:08","guid":{"rendered":"https:\/\/eskigazeteci.com\/?p=29110"},"modified":"2026-04-26T09:12:08","modified_gmt":"2026-04-26T09:12:08","slug":"galatasaray-30","status":"publish","type":"post","link":"https:\/\/eskigazeteci.com\/?p=29110","title":{"rendered":"Galatasaray"},"content":{"rendered":"<p>S\u00fcper Lig\u2019in 31. haftas\u0131nda derbide Galatasaray ile Fenerbah\u00e7e saat 20.00\u2019de kar\u015f\u0131 kar\u015f\u0131ya gelecek.<\/p>\n<p>RAMS Park\u2019ta oynanacak m\u00fcsabakada hakem Yasin Kol d\u00fcd\u00fck \u00e7alacak.<\/p>\n<p>DERB\u0130N\u0130N VAR HAKEM\u0130 \u00d6MER FARUK TURTAY OLDU<\/p>\n<p>Galatasaray &#8211; Fenerbah\u00e7e derbisinin VAR koltu\u011funda \u00d6mer Faruk Turtay g\u00f6rev yapacak.<\/p>\n<p>T\u00fcrkiye&#x27;den ve D\u00fcnya\u2019dan son dakika haberleri, k\u00f6\u015fe yaz\u0131lar\u0131, magazinden siyasete, spordan seyahate b\u00fct\u00fcn konular\u0131n tek adresi Hurriyet.com.tr haber i\u00e7erikleri izin al\u0131nmadan, kaynak g\u00f6sterilerek dahi iktibas edilemez. Kanuna ayk\u0131r\u0131 ve izinsiz olarak kopyalanamaz, ba\u015fka yerde yay\u0131nlanamaz.<\/p>\n","protected":false},"excerpt":{"rendered":"<p>S\u00fcper Lig&#8217;in 31. haftas\u0131nda oynanacak Galatasaray &#8211; Fenerbah\u00e7e derbisinin VAR hakemi belli oldu.<\/p>\n","protected":false},"author":2,"featured_media":29109,"comment_status":"open","ping_status":"open","sticky":false,"template":"","format":"standard","meta":{"footnotes":""},"categories":[5,7],"tags":[],"class_list":["post-29110","post","type-post","status-publish","format-standard","has-post-thumbnail","hentry","category-son-dakika","category-spor"],"_links":{"self":[{"href":"https:\/\/eskigazeteci.com\/index.php?rest_route=\/wp\/v2\/posts\/29110","targetHints":{"allow":["GET"]}}],"collection":[{"href":"https:\/\/eskigazeteci.com\/index.php?rest_route=\/wp\/v2\/posts"}],"about":[{"href":"https:\/\/eskigazeteci.com\/index.php?rest_route=\/wp\/v2\/types\/post"}],"author":[{"embeddable":true,"href":"https:\/\/eskigazeteci.com\/index.php?rest_route=\/wp\/v2\/users\/2"}],"replies":[{"embeddable":true,"href":"https:\/\/eskigazeteci.com\/index.php?rest_route=%2Fwp%2Fv2%2Fcomments&post=29110"}],"version-history":[{"count":0,"href":"https:\/\/eskigazeteci.com\/index.php?rest_route=\/wp\/v2\/posts\/29110\/revisions"}],"wp:featuredmedia":[{"embeddable":true,"href":"https:\/\/eskigazeteci.com\/index.php?rest_route=\/wp\/v2\/media\/29109"}],"wp:attachment":[{"href":"https:\/\/eskigazeteci.com\/index.php?rest_route=%2Fwp%2Fv2%2Fmedia&parent=29110"}],"wp:term":[{"taxonomy":"category","embeddable":true,"href":"https:\/\/eskigazeteci.com\/index.php?rest_route=%2Fwp%2Fv2%2Fcategories&post=29110"},{"taxonomy":"post_tag","embeddable":true,"href":"https:\/\/eskigazeteci.com\/index.php?rest_route=%2Fwp%2Fv2%2Ftags&post=29110"}],"curies":[{"name":"wp","href":"https:\/\/api.w.org\/{rel}","templated":true}]}}