{"id":29108,"date":"2026-04-26T09:02:08","date_gmt":"2026-04-26T09:02:08","guid":{"rendered":"https:\/\/eskigazeteci.com\/?p=29108"},"modified":"2026-04-26T09:02:08","modified_gmt":"2026-04-26T09:02:08","slug":"sergen-yalcin-besiktas-ile-100-super-lig-macina-cikacak","status":"publish","type":"post","link":"https:\/\/eskigazeteci.com\/?p=29108","title":{"rendered":"Sergen Yal\u00e7\u0131n, Be\u015fikta\u015f ile 100. S\u00fcper Lig ma\u00e7\u0131na \u00e7\u0131kacak"},"content":{"rendered":"<p>Be\u015fikta\u015f Teknik Direkt\u00f6r\u00fc Sergen Yal\u00e7\u0131n, yar\u0131n oynanacak M\u0131s\u0131rl\u0131.com.tr Fatih Karag\u00fcmr\u00fck kar\u015f\u0131la\u015fmas\u0131yla siyah beyazl\u0131lar\u0131n ba\u015f\u0131ndaki 100. S\u00fcper Lig ma\u00e7\u0131na \u00e7\u0131kacak.<\/p>\n<p>Be\u015fikta\u015f&#x27;taki ikinci d\u00f6nemini ya\u015fayan 53 ya\u015f\u0131ndaki teknik adam, siyah beyazl\u0131 futbol tak\u0131m\u0131n\u0131n ba\u015f\u0131nda S\u00fcper Lig&#x27;de 99 ma\u00e7\u0131 geride b\u0131rakt\u0131.<\/p>\n<p>S\u00f6z konusu s\u00fcre\u00e7te tak\u0131m\u0131yla 57 galibiyet alan deneyimli \u00e7al\u0131\u015ft\u0131r\u0131c\u0131, 18 beraberlik ya\u015fad\u0131. Yal\u00e7\u0131n, 24 ma\u00e7ta ise sahadan yenilgiyle ayr\u0131ld\u0131.<\/p>\n<p>Be\u015fikta\u015f, Yal\u00e7\u0131n&#x27;\u0131n teknik direkt\u00f6rl\u00fc\u011f\u00fcnde 99 lig ma\u00e7\u0131nda 193 kez rakip fileleri havaland\u0131r\u0131rken, kalesinde ise 115 gol g\u00f6rd\u00fc.<\/p>\n<p>\u0130lk d\u00f6neminde \u015fampiyon oldu<\/p>\n<p>Teknik direkt\u00f6r Sergen Yal\u00e7\u0131n, siyah beyazl\u0131 tak\u0131m\u0131n ba\u015f\u0131ndaki ilk d\u00f6neminde S\u00fcper Lig &#x27;de \u015fampiyonlu\u011fa uzand\u0131.<\/p>\n<p>Ligde 2020-21 sezonunda \u015fampiyonluk yar\u0131\u015f\u0131 veren Be\u015fikta\u015f, sezonu Galatasaray ile ayn\u0131 puanda tamamlarken, gol averaj\u0131yla ipi g\u00f6\u011f\u00fcsleyen taraf oldu.<\/p>\n<p>T\u00fcrkiye Kupas\u0131&#x27;nda da zafere uzand\u0131 Deneyimli teknik adam, Be\u015fikta\u015f ile 2020-21 sezonunda T\u00fcrkiye Kupas\u0131&#x27;nda da ipi g\u00f6\u011f\u00fcsledi.<\/p>\n<p>Siyah beyazl\u0131 tak\u0131m, 5. turdan kat\u0131ld\u0131\u011f\u0131 organizasyonun finalinde Antalyaspor&#x27;u 2-0 yenerek kupaya uzand\u0131.<\/p>\n<p>Bu sezon kupada yar\u0131 finale y\u00fckseldi Be\u015fikta\u015f, teknik direkt\u00f6r Sergen Yal\u00e7\u0131n &#x27;\u0131n ikinci&#8230;<\/p>\n","protected":false},"excerpt":{"rendered":"<p>Sergen Yal\u00e7\u0131n, Be\u015fikta\u015f&#8217;\u0131n ba\u015f\u0131nda 100. S\u00fcper Lig ma\u00e7\u0131na \u00e7\u0131kacak.<\/p>\n","protected":false},"author":2,"featured_media":29107,"comment_status":"open","ping_status":"open","sticky":false,"template":"","format":"standard","meta":{"footnotes":""},"categories":[8,5,7],"tags":[],"class_list":["post-29108","post","type-post","status-publish","format-standard","has-post-thumbnail","hentry","category-arsiv","category-son-dakika","category-spor"],"_links":{"self":[{"href":"https:\/\/eskigazeteci.com\/index.php?rest_route=\/wp\/v2\/posts\/29108","targetHints":{"allow":["GET"]}}],"collection":[{"href":"https:\/\/eskigazeteci.com\/index.php?rest_route=\/wp\/v2\/posts"}],"about":[{"href":"https:\/\/eskigazeteci.com\/index.php?rest_route=\/wp\/v2\/types\/post"}],"author":[{"embeddable":true,"href":"https:\/\/eskigazeteci.com\/index.php?rest_route=\/wp\/v2\/users\/2"}],"replies":[{"embeddable":true,"href":"https:\/\/eskigazeteci.com\/index.php?rest_route=%2Fwp%2Fv2%2Fcomments&post=29108"}],"version-history":[{"count":0,"href":"https:\/\/eskigazeteci.com\/index.php?rest_route=\/wp\/v2\/posts\/29108\/revisions"}],"wp:featuredmedia":[{"embeddable":true,"href":"https:\/\/eskigazeteci.com\/index.php?rest_route=\/wp\/v2\/media\/29107"}],"wp:attachment":[{"href":"https:\/\/eskigazeteci.com\/index.php?rest_route=%2Fwp%2Fv2%2Fmedia&parent=29108"}],"wp:term":[{"taxonomy":"category","embeddable":true,"href":"https:\/\/eskigazeteci.com\/index.php?rest_route=%2Fwp%2Fv2%2Fcategories&post=29108"},{"taxonomy":"post_tag","embeddable":true,"href":"https:\/\/eskigazeteci.com\/index.php?rest_route=%2Fwp%2Fv2%2Ftags&post=29108"}],"curies":[{"name":"wp","href":"https:\/\/api.w.org\/{rel}","templated":true}]}}