{"id":29098,"date":"2026-04-26T08:38:00","date_gmt":"2026-04-26T08:38:00","guid":{"rendered":"https:\/\/eskigazeteci.com\/?p=29098"},"modified":"2026-04-26T08:38:00","modified_gmt":"2026-04-26T08:38:00","slug":"sokakta-yuruyen-universiteli-kizlara-igrenc-hareket-istinye-sapigi-yakalandi-sucunu-kabul-edip-seytana-uydum-dedi","status":"publish","type":"post","link":"https:\/\/eskigazeteci.com\/?p=29098","title":{"rendered":"Sokakta y\u00fcr\u00fcyen \u00fcniversiteli k\u0131zlara i\u011fren\u00e7 hareket! \u0130stinye sap\u0131\u011f\u0131 yakaland\u0131, su\u00e7unu kabul edip &#8216;\u015feytana uydum&#8217; dedi"},"content":{"rendered":"<p>\u0130lk olay, 15 Mart Pazar g\u00fcn\u00fc saat 04.00 s\u0131ralar\u0131nda Rumelihisar\u0131 Mahallesi\u2019nde meydana geldi. Edinilen bilgiye g\u00f6re, \u0130stinye\u2019de \u00f6zel \u00fcniversitede \u00f6\u011frenci olan Cansu Yaren K.\u2019nin (23) yan\u0131na yakla\u015fan motosikletli bir ki\u015fi, pantolonunu indirerek tacizde bulundu.<\/p>\n<p>Korkan kad\u0131n olay yerinden uzakla\u015farak polise \u015fikayette bulundu. \u0130kinci olayda ise 18 Mart \u00c7ar\u015famba g\u00fcn\u00fc Maslak Mahallesi\u2019nde saat 00.55 s\u0131ralar\u0131nda ya\u015fand\u0131. Evine y\u00fcr\u00fcyerek giden ve Bo\u011fazi\u00e7i \u00dcniversitesi\u2019nde \u00f6\u011frenci oldu\u011fu \u00f6\u011frenilen Burcu P.\u2019nin (24) yan\u0131na yakla\u015fan motosikletli bir ki\u015fi, kad\u0131na arkadan yakla\u015farak fiziksel tacizde bulunduktan sonra h\u0131zla olay yerinden uzakla\u015ft\u0131.<\/p>\n<p>SARIYER ASAY\u0130\u015e POL\u0130S\u0130 YAKALADI<\/p>\n<p>Ya\u015fanan olaylar\u0131n ard\u0131ndan harekete ge\u00e7en Sar\u0131yer Asayi\u015f B\u00fcro Amirli\u011fi polisleri, \u015f\u00fcphelinin yakalanmas\u0131 i\u00e7in \u00e7al\u0131\u015fma ba\u015flatt\u0131. Ekipler, her iki olay\u0131n da ya\u015fand\u0131\u011f\u0131 noktalardaki g\u00fcvenlik kameralar\u0131n\u0131 inceleyerek \u015f\u00fcphelinin kulland\u0131\u011f\u0131 motosikletin geli\u015f ve gidi\u015f g\u00fczergah\u0131n\u0131 belirledi. Yap\u0131lan kamera ve saha \u00e7al\u0131\u015fmalar\u0131nda \u015f\u00fcphelinin Berkan B. oldu\u011fu tespit edildi. \u015e\u00fcpheli polis ekipleri taraf\u0131ndan Etiler\u2019de sahibi oldu\u011fu kuaf\u00f6rde g\u00f6zalt\u0131na al\u0131nd\u0131.<\/p>\n<p>&#x27;\u015eEYTANA UYDUM&#x27;<\/p>\n<p>\u015e\u00fcpheli Berkan B. Emniyetteki ifadesinde&#8230;<\/p>\n","protected":false},"excerpt":{"rendered":"<p>Sar\u0131yer\u2019de gece saatlerinde sokakta y\u00fcr\u00fcyen \u00fcniversite \u00f6\u011frencisi 2 kad\u0131n iddiaya g\u00f6re motosikletli bir ki\u015finin fiziksel tacizine u\u011frad\u0131. Olay\u0131n ard\u0131ndan&#8230;<\/p>\n","protected":false},"author":2,"featured_media":29097,"comment_status":"open","ping_status":"open","sticky":false,"template":"","format":"standard","meta":{"footnotes":""},"categories":[8,6,5],"tags":[],"class_list":["post-29098","post","type-post","status-publish","format-standard","has-post-thumbnail","hentry","category-arsiv","category-gundem","category-son-dakika"],"_links":{"self":[{"href":"https:\/\/eskigazeteci.com\/index.php?rest_route=\/wp\/v2\/posts\/29098","targetHints":{"allow":["GET"]}}],"collection":[{"href":"https:\/\/eskigazeteci.com\/index.php?rest_route=\/wp\/v2\/posts"}],"about":[{"href":"https:\/\/eskigazeteci.com\/index.php?rest_route=\/wp\/v2\/types\/post"}],"author":[{"embeddable":true,"href":"https:\/\/eskigazeteci.com\/index.php?rest_route=\/wp\/v2\/users\/2"}],"replies":[{"embeddable":true,"href":"https:\/\/eskigazeteci.com\/index.php?rest_route=%2Fwp%2Fv2%2Fcomments&post=29098"}],"version-history":[{"count":0,"href":"https:\/\/eskigazeteci.com\/index.php?rest_route=\/wp\/v2\/posts\/29098\/revisions"}],"wp:featuredmedia":[{"embeddable":true,"href":"https:\/\/eskigazeteci.com\/index.php?rest_route=\/wp\/v2\/media\/29097"}],"wp:attachment":[{"href":"https:\/\/eskigazeteci.com\/index.php?rest_route=%2Fwp%2Fv2%2Fmedia&parent=29098"}],"wp:term":[{"taxonomy":"category","embeddable":true,"href":"https:\/\/eskigazeteci.com\/index.php?rest_route=%2Fwp%2Fv2%2Fcategories&post=29098"},{"taxonomy":"post_tag","embeddable":true,"href":"https:\/\/eskigazeteci.com\/index.php?rest_route=%2Fwp%2Fv2%2Ftags&post=29098"}],"curies":[{"name":"wp","href":"https:\/\/api.w.org\/{rel}","templated":true}]}}