{"id":29092,"date":"2026-04-26T08:33:36","date_gmt":"2026-04-26T08:33:36","guid":{"rendered":"https:\/\/eskigazeteci.com\/?p=29092"},"modified":"2026-04-26T08:33:36","modified_gmt":"2026-04-26T08:33:36","slug":"genclerbirligi-9","status":"publish","type":"post","link":"https:\/\/eskigazeteci.com\/?p=29092","title":{"rendered":"Gen\u00e7lerbirli\u011fi"},"content":{"rendered":"<p>Gen\u00e7lerbirli\u011fi ve Kocaelispor, S\u00fcper Lig 31. hafta ma\u00e7\u0131nda kar\u015f\u0131 kar\u015f\u0131ya geliyor. Ba\u015fkent ekibi, haftaya 25 puanla ba\u015flad\u0131 ve bu ma\u00e7la 3 puan\u0131 hanesine yazd\u0131rarak k\u00fcmede kalmak istiyor. Rakip tak\u0131m ise 36 puanla 11. s\u0131rada yer al\u0131yor. \u0130\u015fte Gen\u00e7lerbirli\u011fi &#8211; Kocaelispor ma\u00e7\u0131 canl\u0131 yay\u0131n bilgisi&#8230;<\/p>\n<p>GEN\u00c7LERB\u0130RL\u0130\u011e\u0130 &#8211; KOCAEL\u0130SPOR MA\u00c7I NE ZAMAN, SAAT KA\u00c7TA, HANG\u0130 KANALDA?<\/p>\n<p>Gen\u00e7lerbirli\u011fi, bug\u00fcn (26 Nisan Pazar) Kocaelispor\u2019u a\u011f\u0131rlayacak. Saat 14.30&#x27;da ba\u015flayacak m\u00fccadele beIN SPORTS 1 ekranlar\u0131ndan canl\u0131 olarak takip edilebilecek.<\/p>\n<p>Gen\u00e7lerbirli\u011fi &#8211; Kocaelispor ma\u00e7\u0131nda hakem Mehmet T\u00fcrkmen d\u00fcd\u00fck \u00e7alacak. T\u00fcrkmen\u2019in yard\u0131mc\u0131l\u0131\u011f\u0131n\u0131 ise Ceyhun Sesig\u00fczel ile Murat \u015eener yapacak. M\u00fcsabakan\u0131n d\u00f6rd\u00fcnc\u00fc hakemi de Berkay Erdemir olacak.<\/p>\n<p>T\u00fcrkiye&#x27;den ve D\u00fcnya\u2019dan son dakika haberleri, k\u00f6\u015fe yaz\u0131lar\u0131, magazinden siyasete, spordan seyahate b\u00fct\u00fcn konular\u0131n tek adresi Hurriyet.com.tr haber i\u00e7erikleri izin al\u0131nmadan, kaynak g\u00f6sterilerek dahi iktibas edilemez. Kanuna ayk\u0131r\u0131 ve izinsiz olarak kopyalanamaz, ba\u015fka yerde yay\u0131nlanamaz.<\/p>\n","protected":false},"excerpt":{"rendered":"<p>Gen\u00e7lerbirli\u011fi, S\u00fcper Lig 31. hafta m\u00fccadelesinde Kocaelispor&#8217;u konuk ediyor. Ankara temsilcisi, T\u00fcrkiye Kupas\u0131&#8217;nda ald\u0131\u011f\u0131 galibiyet sonras\u0131 S\u00fcper Lig&#8217;de&#8230;<\/p>\n","protected":false},"author":2,"featured_media":29091,"comment_status":"open","ping_status":"open","sticky":false,"template":"","format":"standard","meta":{"footnotes":""},"categories":[8,5,7],"tags":[],"class_list":["post-29092","post","type-post","status-publish","format-standard","has-post-thumbnail","hentry","category-arsiv","category-son-dakika","category-spor"],"_links":{"self":[{"href":"https:\/\/eskigazeteci.com\/index.php?rest_route=\/wp\/v2\/posts\/29092","targetHints":{"allow":["GET"]}}],"collection":[{"href":"https:\/\/eskigazeteci.com\/index.php?rest_route=\/wp\/v2\/posts"}],"about":[{"href":"https:\/\/eskigazeteci.com\/index.php?rest_route=\/wp\/v2\/types\/post"}],"author":[{"embeddable":true,"href":"https:\/\/eskigazeteci.com\/index.php?rest_route=\/wp\/v2\/users\/2"}],"replies":[{"embeddable":true,"href":"https:\/\/eskigazeteci.com\/index.php?rest_route=%2Fwp%2Fv2%2Fcomments&post=29092"}],"version-history":[{"count":0,"href":"https:\/\/eskigazeteci.com\/index.php?rest_route=\/wp\/v2\/posts\/29092\/revisions"}],"wp:featuredmedia":[{"embeddable":true,"href":"https:\/\/eskigazeteci.com\/index.php?rest_route=\/wp\/v2\/media\/29091"}],"wp:attachment":[{"href":"https:\/\/eskigazeteci.com\/index.php?rest_route=%2Fwp%2Fv2%2Fmedia&parent=29092"}],"wp:term":[{"taxonomy":"category","embeddable":true,"href":"https:\/\/eskigazeteci.com\/index.php?rest_route=%2Fwp%2Fv2%2Fcategories&post=29092"},{"taxonomy":"post_tag","embeddable":true,"href":"https:\/\/eskigazeteci.com\/index.php?rest_route=%2Fwp%2Fv2%2Ftags&post=29092"}],"curies":[{"name":"wp","href":"https:\/\/api.w.org\/{rel}","templated":true}]}}