{"id":29070,"date":"2026-04-26T07:32:05","date_gmt":"2026-04-26T07:32:05","guid":{"rendered":"https:\/\/eskigazeteci.com\/?p=29070"},"modified":"2026-04-26T07:32:05","modified_gmt":"2026-04-26T07:32:05","slug":"hande-baladindan-sezon-sonu-mesaji-fenerbahce-taraftarina-tesekkur","status":"publish","type":"post","link":"https:\/\/eskigazeteci.com\/?p=29070","title":{"rendered":"Hande Balad\u0131n\u2019dan sezon sonu mesaj\u0131! Fenerbah\u00e7e taraftar\u0131na te\u015fekk\u00fcr"},"content":{"rendered":"<p>Sultanlar Ligi&#x27;ni bu sezon ikinci s\u0131rada tamamlayan Fenerbah\u00e7e Medicana&#x27;da ba\u015far\u0131l\u0131 oyuncu Hande Balad\u0131n, sosyal medya hesab\u0131ndan yapt\u0131\u011f\u0131 a\u00e7\u0131klamada tak\u0131m arkada\u015flar\u0131na ve tak\u0131m\u0131 sezon boyunca yaln\u0131z b\u0131rakmayan taraftarlara te\u015fekk\u00fcr etti.<\/p>\n<p>Hande Balad\u0131n &#x27;\u0131n a\u00e7\u0131klamas\u0131 \u015fu \u015fekilde oldu:<\/p>\n<p>\u0130lk say\u0131dan son say\u0131ya kadar m\u00fccadelemizden vazge\u00e7medi\u011fimiz, her zaman en iyisini yapmak i\u00e7in sahaya \u00e7\u0131kt\u0131\u011f\u0131m\u0131z bu sezonda; her an yan\u0131m\u0131zda olan, g\u00fczel enerjilerini ve desteklerini esirgemeyen t\u00fcm taraftarlar\u0131m\u0131za g\u00f6n\u00fclden te\u015fekk\u00fcr ederiz.<\/p>\n<p>Yeni sezona daha g\u00fc\u00e7l\u00fc d\u00f6n\u00fcp, daha da g\u00fczel g\u00fcnlerde birlikte olmak dile\u011fiyle\u2026<\/p>\n<p>T\u00fcrkiye&#x27;den ve D\u00fcnya\u2019dan son dakika haberleri, k\u00f6\u015fe yaz\u0131lar\u0131, magazinden siyasete, spordan seyahate b\u00fct\u00fcn konular\u0131n tek adresi Hurriyet.com.tr haber i\u00e7erikleri izin al\u0131nmadan, kaynak g\u00f6sterilerek dahi iktibas edilemez. Kanuna ayk\u0131r\u0131 ve izinsiz olarak kopyalanamaz, ba\u015fka yerde yay\u0131nlanamaz.<\/p>\n","protected":false},"excerpt":{"rendered":"<p>Sultanlar Ligi&#8217;ni ikinci s\u0131rada tamamlayan Fenerbah\u00e7e Medicana&#8217;da Hande Balad\u0131n, yapt\u0131\u011f\u0131 a\u00e7\u0131klamada sezon boyunca verdikleri m\u00fccadeleye vurgu yaparak&#8230;<\/p>\n","protected":false},"author":2,"featured_media":29069,"comment_status":"open","ping_status":"open","sticky":false,"template":"","format":"standard","meta":{"footnotes":""},"categories":[8,5,7],"tags":[],"class_list":["post-29070","post","type-post","status-publish","format-standard","has-post-thumbnail","hentry","category-arsiv","category-son-dakika","category-spor"],"_links":{"self":[{"href":"https:\/\/eskigazeteci.com\/index.php?rest_route=\/wp\/v2\/posts\/29070","targetHints":{"allow":["GET"]}}],"collection":[{"href":"https:\/\/eskigazeteci.com\/index.php?rest_route=\/wp\/v2\/posts"}],"about":[{"href":"https:\/\/eskigazeteci.com\/index.php?rest_route=\/wp\/v2\/types\/post"}],"author":[{"embeddable":true,"href":"https:\/\/eskigazeteci.com\/index.php?rest_route=\/wp\/v2\/users\/2"}],"replies":[{"embeddable":true,"href":"https:\/\/eskigazeteci.com\/index.php?rest_route=%2Fwp%2Fv2%2Fcomments&post=29070"}],"version-history":[{"count":0,"href":"https:\/\/eskigazeteci.com\/index.php?rest_route=\/wp\/v2\/posts\/29070\/revisions"}],"wp:featuredmedia":[{"embeddable":true,"href":"https:\/\/eskigazeteci.com\/index.php?rest_route=\/wp\/v2\/media\/29069"}],"wp:attachment":[{"href":"https:\/\/eskigazeteci.com\/index.php?rest_route=%2Fwp%2Fv2%2Fmedia&parent=29070"}],"wp:term":[{"taxonomy":"category","embeddable":true,"href":"https:\/\/eskigazeteci.com\/index.php?rest_route=%2Fwp%2Fv2%2Fcategories&post=29070"},{"taxonomy":"post_tag","embeddable":true,"href":"https:\/\/eskigazeteci.com\/index.php?rest_route=%2Fwp%2Fv2%2Ftags&post=29070"}],"curies":[{"name":"wp","href":"https:\/\/api.w.org\/{rel}","templated":true}]}}