{"id":29068,"date":"2026-04-26T07:22:02","date_gmt":"2026-04-26T07:22:02","guid":{"rendered":"https:\/\/eskigazeteci.com\/?p=29068"},"modified":"2026-04-26T07:22:02","modified_gmt":"2026-04-26T07:22:02","slug":"genc-sevgilisinden-bir-oglu-oldu-ama-dogum-gununu-20-yil-once-ayrildigi-askiyla-kutladi","status":"publish","type":"post","link":"https:\/\/eskigazeteci.com\/?p=29068","title":{"rendered":"Gen\u00e7 sevgilisinden bir o\u011flu oldu ama do\u011fum g\u00fcn\u00fcn\u00fc 20 y\u0131l \u00f6nce ayr\u0131ld\u0131\u011f\u0131 a\u015fk\u0131yla kutlad\u0131"},"content":{"rendered":"<p>Hatta bu enerji \u00f6yle y\u00fcksek ki efsane akt\u00f6r 83 ya\u015f\u0131ndayken torunu ya\u015f\u0131ndaki sevgilisinden bir o\u011flu olmu\u015ftu.<\/p>\n<p>Hatta bu enerji \u00f6yle y\u00fcksek ki efsane akt\u00f6r 83 ya\u015f\u0131ndayken torunu ya\u015f\u0131ndaki sevgilisinden bir o\u011flu olmu\u015ftu.<\/p>\n<p>Al Pacino ge\u00e7ti\u011fimiz g\u00fcn 86\u2019nc\u0131 ya\u015f g\u00fcn\u00fcn\u00fc kutlad\u0131. Ve bu \u00f6zel g\u00fcn\u00fcnde yan\u0131nda hayat\u0131n\u0131n en b\u00fcy\u00fck a\u015fk\u0131, eski sevgilisi Beverly D\u2019Angelo vard\u0131. Hollywood\u2019un efsane \u00e7ifti ayr\u0131l\u0131klar\u0131ndan yirmi y\u0131l sonra Al Pacino\u2019nun 86. do\u011fum g\u00fcn\u00fc i\u00e7in bir araya geldi.<\/p>\n<p>Al Pacino ge\u00e7ti\u011fimiz g\u00fcn 86\u2019nc\u0131 ya\u015f g\u00fcn\u00fcn\u00fc kutlad\u0131. Ve bu \u00f6zel g\u00fcn\u00fcnde yan\u0131nda hayat\u0131n\u0131n en b\u00fcy\u00fck a\u015fk\u0131, eski sevgilisi Beverly D\u2019Angelo vard\u0131. Hollywood\u2019un efsane \u00e7ifti ayr\u0131l\u0131klar\u0131ndan yirmi y\u0131l sonra Al Pacino\u2019nun 86. do\u011fum g\u00fcn\u00fc i\u00e7in bir araya geldi.<\/p>\n<p>Al Pacino ve Beverly D\u2019Angelo 2004 y\u0131l\u0131nda ayr\u0131lm\u0131\u015f olsalar da bu durum aralar\u0131ndaki derin ba\u011f\u0131 ve b\u00fcy\u00fck dostlu\u011fu koparmad\u0131. \u0130kili s\u0131k s\u0131k bir araya geliyor ve eski g\u00fcnleri yad etmeye devam ediyor.<\/p>\n<p>Al Pacino ve Beverly D\u2019Angelo 2004 y\u0131l\u0131nda ayr\u0131lm\u0131\u015f olsalar da bu durum aralar\u0131ndaki derin ba\u011f\u0131 ve b\u00fcy\u00fck dostlu\u011fu koparmad\u0131. \u0130kili s\u0131k s\u0131k bir araya geliyor ve eski g\u00fcnleri yad etmeye devam ediyor.<\/p>\n<p>86 ya\u015f\u0131ndaki Al Pacino ve t\u0131pk\u0131 onun gibi b\u00fcy\u00fck bir Hollywood y\u0131ld\u0131z\u0131 olan&#8230;<\/p>\n","protected":false},"excerpt":{"rendered":"<p>Sinema d\u00fcnyas\u0131n\u0131n gelmi\u015f ge\u00e7mi\u015f en b\u00fcy\u00fck efsanelerinden biri ge\u00e7ti\u011fimiz g\u00fcn yeni ya\u015f\u0131n\u0131 kutlad\u0131. Y\u0131llar ge\u00e7ip gitse ve g\u00f6r\u00fcnt\u00fc olarak de\u011fi\u015fse de y\u0131ld\u0131z&#8230;<\/p>\n","protected":false},"author":2,"featured_media":29067,"comment_status":"open","ping_status":"open","sticky":false,"template":"","format":"standard","meta":{"footnotes":""},"categories":[8,6,5],"tags":[],"class_list":["post-29068","post","type-post","status-publish","format-standard","has-post-thumbnail","hentry","category-arsiv","category-gundem","category-son-dakika"],"_links":{"self":[{"href":"https:\/\/eskigazeteci.com\/index.php?rest_route=\/wp\/v2\/posts\/29068","targetHints":{"allow":["GET"]}}],"collection":[{"href":"https:\/\/eskigazeteci.com\/index.php?rest_route=\/wp\/v2\/posts"}],"about":[{"href":"https:\/\/eskigazeteci.com\/index.php?rest_route=\/wp\/v2\/types\/post"}],"author":[{"embeddable":true,"href":"https:\/\/eskigazeteci.com\/index.php?rest_route=\/wp\/v2\/users\/2"}],"replies":[{"embeddable":true,"href":"https:\/\/eskigazeteci.com\/index.php?rest_route=%2Fwp%2Fv2%2Fcomments&post=29068"}],"version-history":[{"count":0,"href":"https:\/\/eskigazeteci.com\/index.php?rest_route=\/wp\/v2\/posts\/29068\/revisions"}],"wp:featuredmedia":[{"embeddable":true,"href":"https:\/\/eskigazeteci.com\/index.php?rest_route=\/wp\/v2\/media\/29067"}],"wp:attachment":[{"href":"https:\/\/eskigazeteci.com\/index.php?rest_route=%2Fwp%2Fv2%2Fmedia&parent=29068"}],"wp:term":[{"taxonomy":"category","embeddable":true,"href":"https:\/\/eskigazeteci.com\/index.php?rest_route=%2Fwp%2Fv2%2Fcategories&post=29068"},{"taxonomy":"post_tag","embeddable":true,"href":"https:\/\/eskigazeteci.com\/index.php?rest_route=%2Fwp%2Fv2%2Ftags&post=29068"}],"curies":[{"name":"wp","href":"https:\/\/api.w.org\/{rel}","templated":true}]}}