{"id":29062,"date":"2026-04-26T06:51:58","date_gmt":"2026-04-26T06:51:58","guid":{"rendered":"https:\/\/eskigazeteci.com\/?p=29062"},"modified":"2026-04-26T06:51:58","modified_gmt":"2026-04-26T06:51:58","slug":"dengesini-kaybeden-genc-30-metrelik-ucuruma-dustu-film-gibi-operasyonla-kurtarildi","status":"publish","type":"post","link":"https:\/\/eskigazeteci.com\/?p=29062","title":{"rendered":"Dengesini kaybeden gen\u00e7, 30 metrelik u\u00e7uruma d\u00fc\u015ft\u00fc, film gibi operasyonla kurtar\u0131ld\u0131"},"content":{"rendered":"<p>Edinilen bilgiye g\u00f6re, K\u00fcre il\u00e7esine ba\u011fl\u0131 Karadonu K\u00f6y\u00fc s\u0131n\u0131rlar\u0131nda bulunan Do\u011fanlar Kalesi mevkiinde da\u011fl\u0131k alanda gezen 22 ya\u015f\u0131ndaki A.T.C., dengesini kaybederek u\u00e7uruma d\u00fc\u015ft\u00fc.<\/p>\n<p>30 METRE D\u00dc\u015e\u00dcP SIKI\u015eTI<\/p>\n<p>Yakla\u015f\u0131k 30 metre yuvarlanarak d\u00fc\u015ft\u00fc\u011f\u00fc yerde kayal\u0131klara s\u0131k\u0131\u015fan A.T.C. i\u00e7in yak\u0131nlar\u0131, 112 Acil \u00c7a\u011fr\u0131 Merkezi&#x27;ni arayarak yard\u0131m istedi. \u0130hbar \u00fczerine harekete ge\u00e7en \u0130l Afet ve Acil Durum M\u00fcd\u00fcrl\u00fc\u011f\u00fc (AFAD), Ulusal Medikal Kurtarma Ekibi (UMKE), itfaiye, Jandarma Arama Kurtarma (JAK) ve sa\u011fl\u0131k ekipleri sevk edildi. B\u00f6lgeye ula\u015fan ekipler, yaral\u0131 gence ula\u015fmak i\u00e7in \u00e7al\u0131\u015fma ba\u015flatt\u0131. Zorlu arazi \u015fartlar\u0131na ra\u011fmen ekipler, g\u00fc\u00e7l\u00fckle yaral\u0131 gence ula\u015ft\u0131.<\/p>\n<p>U\u00c7URUMDAN ZORLUKLA \u00c7IKARILDI<\/p>\n<p>Sa\u011fl\u0131k ekipleri taraf\u0131ndan olay yerinde ilk m\u00fcdahalesi yap\u0131lan gen\u00e7, ekiplerin m\u00fc\u015fterek \u00e7al\u0131\u015fmas\u0131 sonucu sedyeye al\u0131narak g\u00fc\u00e7l\u00fckle u\u00e7urumdan \u00e7\u0131kart\u0131labildi. Ambulans\u0131n bekledi\u011fi noktaya kadar getirilen gen\u00e7, ard\u0131ndan hastaneye kald\u0131r\u0131larak tedavi alt\u0131na al\u0131nd\u0131.<\/p>\n<p>T\u00fcrkiye g\u00fcndeminden son dakika haberleri, bug\u00fcn ya\u015fanan en son geli\u015fmeler, siyaset g\u00fcndeminden g\u00fcncel haberler ve b\u00fct\u00fcn son dakika haberleri i\u00e7in H\u00fcrriyet&#x27;in internet haber sitesi hurriyet.com.tr; Hurriyet.com.tr haber i\u00e7erikleri kaynak&#8230;<\/p>\n","protected":false},"excerpt":{"rendered":"<p>Kastamonu\u2019nun K\u00fcre il\u00e7esinde da\u011fl\u0131k alanda dola\u015ft\u0131\u011f\u0131 s\u0131rada dengesini kaybederek u\u00e7uruma d\u00fc\u015fen gen\u00e7 i\u00e7in ekipler seferber oldu. 30 metrelik u\u00e7uruma d\u00fc\u015fen&#8230;<\/p>\n","protected":false},"author":2,"featured_media":29061,"comment_status":"open","ping_status":"open","sticky":false,"template":"","format":"standard","meta":{"footnotes":""},"categories":[8,6,5],"tags":[],"class_list":["post-29062","post","type-post","status-publish","format-standard","has-post-thumbnail","hentry","category-arsiv","category-gundem","category-son-dakika"],"_links":{"self":[{"href":"https:\/\/eskigazeteci.com\/index.php?rest_route=\/wp\/v2\/posts\/29062","targetHints":{"allow":["GET"]}}],"collection":[{"href":"https:\/\/eskigazeteci.com\/index.php?rest_route=\/wp\/v2\/posts"}],"about":[{"href":"https:\/\/eskigazeteci.com\/index.php?rest_route=\/wp\/v2\/types\/post"}],"author":[{"embeddable":true,"href":"https:\/\/eskigazeteci.com\/index.php?rest_route=\/wp\/v2\/users\/2"}],"replies":[{"embeddable":true,"href":"https:\/\/eskigazeteci.com\/index.php?rest_route=%2Fwp%2Fv2%2Fcomments&post=29062"}],"version-history":[{"count":0,"href":"https:\/\/eskigazeteci.com\/index.php?rest_route=\/wp\/v2\/posts\/29062\/revisions"}],"wp:featuredmedia":[{"embeddable":true,"href":"https:\/\/eskigazeteci.com\/index.php?rest_route=\/wp\/v2\/media\/29061"}],"wp:attachment":[{"href":"https:\/\/eskigazeteci.com\/index.php?rest_route=%2Fwp%2Fv2%2Fmedia&parent=29062"}],"wp:term":[{"taxonomy":"category","embeddable":true,"href":"https:\/\/eskigazeteci.com\/index.php?rest_route=%2Fwp%2Fv2%2Fcategories&post=29062"},{"taxonomy":"post_tag","embeddable":true,"href":"https:\/\/eskigazeteci.com\/index.php?rest_route=%2Fwp%2Fv2%2Ftags&post=29062"}],"curies":[{"name":"wp","href":"https:\/\/api.w.org\/{rel}","templated":true}]}}