{"id":29060,"date":"2026-04-26T06:46:37","date_gmt":"2026-04-26T06:46:37","guid":{"rendered":"https:\/\/eskigazeteci.com\/?p=29060"},"modified":"2026-04-26T06:46:37","modified_gmt":"2026-04-26T06:46:37","slug":"sel-dolu-ve-heyelan-tehlikesi-meteoroloji-saat-verip-uyardi-7-ilde-sari-kodlu-alarm","status":"publish","type":"post","link":"https:\/\/eskigazeteci.com\/?p=29060","title":{"rendered":"Sel, dolu ve heyelan tehlikesi! Meteoroloji saat verip uyard\u0131: 7 ilde sar\u0131 kodlu alarm"},"content":{"rendered":"<p>Bug\u00fcn yurdun G\u00fcneydo\u011fu kesiminde Nisan ya\u011fmurlar\u0131 \u015fiddetlenerek etkisini g\u00f6sterecek. Meteoroloji Genel M\u00fcd\u00fcrl\u00fc\u011f\u00fc de 7 il i\u00e7in sar\u0131 kodlu alarm vererek olumsuz hadiselere kar\u015f\u0131 uyar\u0131da bulundu.<\/p>\n<p>Meteoroloji&#x27;nin sar\u0131 kodlu uyar\u0131 verdi\u011fi iller Diyarbak\u0131r, Elaz\u0131\u011f, Mardin, Siirt, \u015eanl\u0131urfa, Batman, \u015e\u0131rnak oldu.<\/p>\n<p>Yay\u0131mlanan de\u011ferlendirmede ise \u015fu ifadelere yer verildi:<\/p>\n<p>26.04.2026 Pazar g\u00fcn\u00fc \u015eanl\u0131urfa, Elaz\u0131\u011f&#x27;\u0131n do\u011fusu, Diyarbak\u0131r, Batman Siirt, Mardin ve \u015e\u0131rnak&#x27;ta aral\u0131kl\u0131 ve yerel olarak kuvvetli g\u00f6k g\u00fcr\u00fclt\u00fcl\u00fc sa\u011fanak ya\u011f\u0131\u015f beklendi\u011finden sel, su bask\u0131n\u0131, heyelan, y\u0131ld\u0131r\u0131m, ula\u015f\u0131mda aksamalar, ya\u011f\u0131\u015f an\u0131nda kuvvetli r\u00fczgar, yerel dolu ya\u011f\u0131\u015f\u0131 gibi olumsuzluklara kar\u015f\u0131 dikkatli ve tedbirli olunmal\u0131d\u0131r. Ba\u015flama-Biti\u015f Zaman\u0131: 26.04.2026 05.00-26.04.2026 23.00<\/p>\n<p>YURTTA HAVA DURUMU<\/p>\n<p>Meteoroloji Genel M\u00fcd\u00fcrl\u00fc\u011f\u00fc taraf\u0131ndan yap\u0131lan son de\u011ferlendirmelere g\u00f6re: \u00dclkemiz genelinin par\u00e7al\u0131 ve \u00e7ok bulutlu, \u0130\u00e7 Ege, Akdeniz&#x27;in i\u00e7 kesimleri, \u0130\u00e7 Anadolu\u2019nun g\u00fcney ve do\u011fusu, Do\u011fu Karadeniz, Do\u011fu ve G\u00fcneydo\u011fu Anadolu ile Hatay, Eski\u015fehir, Ordu, Tokat \u00e7evreleri ve Samsun&#x27;un do\u011fu il\u00e7elerinin aral\u0131kl\u0131 ya\u011fmur ve sa\u011fanak, yer yer g\u00f6k g\u00fcr\u00fclt\u00fcl\u00fc sa\u011fanak ya\u011f\u0131\u015fl\u0131 ge\u00e7ece\u011fi tahmin ediliyor. Ya\u011f\u0131\u015flar\u0131n; G\u00fcneydo\u011fu&#8230;<\/p>\n","protected":false},"excerpt":{"rendered":"<p>Meteoroloji Genel M\u00fcd\u00fcrl\u00fc\u011f\u00fc g\u00fcncel hava durumu tahmin raporunda 7 il i\u00e7in sar\u0131 kodlu alarm verdi. Buna g\u00f6re kuvvetli g\u00f6k g\u00fcr\u00fclt\u00fcl\u00fc sa\u011fanak beklenen illerde&#8230;<\/p>\n","protected":false},"author":2,"featured_media":29059,"comment_status":"open","ping_status":"open","sticky":false,"template":"","format":"standard","meta":{"footnotes":""},"categories":[6,5],"tags":[],"class_list":["post-29060","post","type-post","status-publish","format-standard","has-post-thumbnail","hentry","category-gundem","category-son-dakika"],"_links":{"self":[{"href":"https:\/\/eskigazeteci.com\/index.php?rest_route=\/wp\/v2\/posts\/29060","targetHints":{"allow":["GET"]}}],"collection":[{"href":"https:\/\/eskigazeteci.com\/index.php?rest_route=\/wp\/v2\/posts"}],"about":[{"href":"https:\/\/eskigazeteci.com\/index.php?rest_route=\/wp\/v2\/types\/post"}],"author":[{"embeddable":true,"href":"https:\/\/eskigazeteci.com\/index.php?rest_route=\/wp\/v2\/users\/2"}],"replies":[{"embeddable":true,"href":"https:\/\/eskigazeteci.com\/index.php?rest_route=%2Fwp%2Fv2%2Fcomments&post=29060"}],"version-history":[{"count":0,"href":"https:\/\/eskigazeteci.com\/index.php?rest_route=\/wp\/v2\/posts\/29060\/revisions"}],"wp:featuredmedia":[{"embeddable":true,"href":"https:\/\/eskigazeteci.com\/index.php?rest_route=\/wp\/v2\/media\/29059"}],"wp:attachment":[{"href":"https:\/\/eskigazeteci.com\/index.php?rest_route=%2Fwp%2Fv2%2Fmedia&parent=29060"}],"wp:term":[{"taxonomy":"category","embeddable":true,"href":"https:\/\/eskigazeteci.com\/index.php?rest_route=%2Fwp%2Fv2%2Fcategories&post=29060"},{"taxonomy":"post_tag","embeddable":true,"href":"https:\/\/eskigazeteci.com\/index.php?rest_route=%2Fwp%2Fv2%2Ftags&post=29060"}],"curies":[{"name":"wp","href":"https:\/\/api.w.org\/{rel}","templated":true}]}}