{"id":29058,"date":"2026-04-26T06:45:05","date_gmt":"2026-04-26T06:45:05","guid":{"rendered":"https:\/\/eskigazeteci.com\/?p=29058"},"modified":"2026-04-26T06:45:05","modified_gmt":"2026-04-26T06:45:05","slug":"ito-baskani-avdagicten-ekonomi-yonetimine-ince-ayar-cagrisi-savas-dengeleri-degistirdi-guncelleme-sart","status":"publish","type":"post","link":"https:\/\/eskigazeteci.com\/?p=29058","title":{"rendered":"\u0130TO Ba\u015fkan\u0131 Avdagi\u00e7&#8217;ten ekonomi y\u00f6netimine ince ayar \u00e7a\u011fr\u0131s\u0131: Sava\u015f dengeleri de\u011fi\u015ftirdi, g\u00fcncelleme \u015fart"},"content":{"rendered":"<p>Avdagi\u00e7, gazetecilere yapt\u0131\u011f\u0131 a\u00e7\u0131klamada i\u015f d\u00fcnyas\u0131ndaki g\u00fcncel geli\u015fmelere ili\u015fkin de\u011ferlendirmelerini payla\u015ft\u0131.<\/p>\n<p>Avdagi\u00e7, ekonomi y\u00f6netiminin \u00fc\u00e7 y\u0131l\u0131 a\u015fk\u0131n bir s\u00fcredir ba\u015far\u0131l\u0131 \u00e7al\u0131\u015fmalar\u0131yla T\u00fcrkiye&#x27;nin d\u00f6viz rezervlerinde s\u0131k\u0131nt\u0131l\u0131 bir tablodan olduk\u00e7a makul bir noktaya gelindi\u011fini, d\u0131\u015far\u0131dan fon tedarik konusunda \u00f6nemli bir hedefe ula\u015f\u0131ld\u0131\u011f\u0131n\u0131 vurgulad\u0131.<\/p>\n<p>Sava\u015fla ortaya \u00e7\u0131kan geli\u015fmelerle birlikte meseleye geni\u015f bir \u00e7er\u00e7eveden bak\u0131lmas\u0131n\u0131n do\u011fru olaca\u011f\u0131 g\u00f6r\u00fc\u015f\u00fcn\u00fc dile getiren Avdagi\u00e7, \u201cBiraz daha b\u00fcy\u00fck resme bakmam\u0131z gerekti\u011fini d\u00fc\u015f\u00fcn\u00fcyorum. Ekonomik program\u0131n hedeflerini realize etmek i\u00e7in i\u015f d\u00fcnyas\u0131 olarak elimizden gelen katk\u0131y\u0131 vermeye \u00e7al\u0131\u015ft\u0131k. Bunun i\u00e7in ciddi bir bedel de \u00f6dedi i\u015f d\u00fcnyas\u0131.\u201d ifadesini kulland\u0131.<\/p>\n<p>\u201cSAVA\u015e DENGELERDE DE\u011e\u0130\u015e\u0130KL\u0130KLERE YOL A\u00c7TI\u201d<\/p>\n<p>Avdagi\u00e7, 2026\u2019n\u0131n ikinci yar\u0131s\u0131na do\u011fru daha makul bir d\u00f6neme ge\u00e7ilmesinin \u00f6ng\u00f6r\u00fcld\u00fc\u011f\u00fc bir s\u0131rada \u00e7\u0131kan b\u00f6lgesel sava\u015f\u0131n yurt i\u00e7i ve yurt d\u0131\u015f\u0131 dengelerde de\u011fi\u015fikliklere yol a\u00e7t\u0131\u011f\u0131n\u0131 s\u00f6yledi. \u015eekib Avdagi\u00e7, \u201cBuna dikkat etmek laz\u0131m. Konuya sadece basit bir faiz art\u0131\u015f\u0131 ya da sabit kalmas\u0131 zaviyesinden bakman\u0131n \u00e7ok do\u011fru, ger\u00e7ek\u00e7i ve sonu\u00e7 odakl\u0131 olaca\u011f\u0131n\u0131 \u00f6ng\u00f6rm\u00fcyorum. B\u00fct\u00fcnc\u00fcl olarak ekonomi s\u00fcre\u00e7lerinin, i\u015f d\u00fcnyas\u0131n\u0131n&#8230;<\/p>\n","protected":false},"excerpt":{"rendered":"<p>\u0130stanbul Ticaret Odas\u0131 (\u0130TO) Ba\u015fkan\u0131 \u015eekib Avdagi\u00e7, \u201cEkonomi y\u00f6netimi ba\u015far\u0131l\u0131 bir kurgu ve risk y\u00f6netimi yapt\u0131. Kazan\u0131mlar\u0131m\u0131z\u0131 yok saymak m\u00fcmk\u00fcn de\u011fil&#8230;.<\/p>\n","protected":false},"author":2,"featured_media":29057,"comment_status":"open","ping_status":"open","sticky":false,"template":"","format":"standard","meta":{"footnotes":""},"categories":[8,6,5],"tags":[],"class_list":["post-29058","post","type-post","status-publish","format-standard","has-post-thumbnail","hentry","category-arsiv","category-gundem","category-son-dakika"],"_links":{"self":[{"href":"https:\/\/eskigazeteci.com\/index.php?rest_route=\/wp\/v2\/posts\/29058","targetHints":{"allow":["GET"]}}],"collection":[{"href":"https:\/\/eskigazeteci.com\/index.php?rest_route=\/wp\/v2\/posts"}],"about":[{"href":"https:\/\/eskigazeteci.com\/index.php?rest_route=\/wp\/v2\/types\/post"}],"author":[{"embeddable":true,"href":"https:\/\/eskigazeteci.com\/index.php?rest_route=\/wp\/v2\/users\/2"}],"replies":[{"embeddable":true,"href":"https:\/\/eskigazeteci.com\/index.php?rest_route=%2Fwp%2Fv2%2Fcomments&post=29058"}],"version-history":[{"count":0,"href":"https:\/\/eskigazeteci.com\/index.php?rest_route=\/wp\/v2\/posts\/29058\/revisions"}],"wp:featuredmedia":[{"embeddable":true,"href":"https:\/\/eskigazeteci.com\/index.php?rest_route=\/wp\/v2\/media\/29057"}],"wp:attachment":[{"href":"https:\/\/eskigazeteci.com\/index.php?rest_route=%2Fwp%2Fv2%2Fmedia&parent=29058"}],"wp:term":[{"taxonomy":"category","embeddable":true,"href":"https:\/\/eskigazeteci.com\/index.php?rest_route=%2Fwp%2Fv2%2Fcategories&post=29058"},{"taxonomy":"post_tag","embeddable":true,"href":"https:\/\/eskigazeteci.com\/index.php?rest_route=%2Fwp%2Fv2%2Ftags&post=29058"}],"curies":[{"name":"wp","href":"https:\/\/api.w.org\/{rel}","templated":true}]}}