{"id":29056,"date":"2026-04-26T06:43:32","date_gmt":"2026-04-26T06:43:32","guid":{"rendered":"https:\/\/eskigazeteci.com\/?p=29056"},"modified":"2026-04-26T06:43:32","modified_gmt":"2026-04-26T06:43:32","slug":"tedescodan-galatasaray-derbisi-oncesi-motivasyon-konusmasi","status":"publish","type":"post","link":"https:\/\/eskigazeteci.com\/?p=29056","title":{"rendered":"Tedesco\u2019dan Galatasaray derbisi \u00f6ncesi motivasyon konu\u015fmas\u0131!"},"content":{"rendered":"<p>Galatasaray \u2019a konuk olacak Fenerbah\u00e7e , ligde oynad\u0131\u011f\u0131 30 ma\u00e7ta 19 galibiyet, 10 beraberlik ve 1 ma\u011flubiyet ald\u0131. Ge\u00e7ti\u011fimiz hafta evinde \u00c7aykur Rizespor ile berabere kalarak \u015fampiyonluk yar\u0131\u015f\u0131nda \u00f6nemli kay\u0131p ya\u015fayan Fenerbah\u00e7e, ezeli rakibinin 4 puan gerisine d\u00fc\u015ft\u00fc.<\/p>\n<p>TEDESCO TOPLANTI YAPTI<\/p>\n<p>Kanarya, \u015fimdi ise hesaplar\u0131n\u0131 derbi galibiyeti \u00fczerine yap\u0131yor. Fenerbah\u00e7e, derbiden galibiyetle ayr\u0131lmas\u0131 halinde son 3 haftaya 1 puan geride girecek. Sar\u0131-lacivertli ekibin hocas\u0131 Domenico Tedesco ise son idman \u00f6ncesinde \u00f6\u011frencileriyle bir toplant\u0131 ger\u00e7ekle\u015ftirdi.<\/p>\n<p>&#x27;KAZANACA\u011eIZ, BA\u015eKA YOLU YOK!&#x27;<\/p>\n<p>\u0130talyan teknik adam, hi\u00e7bir oyuncusunun motivasyonunu kaybetmemesi gerekti\u011fini belirtti. 40 ya\u015f\u0131ndaki \u00e7al\u0131\u015ft\u0131r\u0131c\u0131, S\u00fcper Lig\u2019i zirvede bitirmek i\u00e7in h\u00e2l\u00e2 \u015fanslar\u0131n\u0131n oldu\u011funu belirtti ve ekledi: &quot;Bug\u00fcn kazanaca\u011f\u0131z ve ba\u015fka yolu yok.&quot;<\/p>\n<p>&#x27;NELER YAPTI\u011eIMIZI RAK\u0130PLER\u0130M\u0130Z DE B\u0130L\u0130YOR&#x27;<\/p>\n<p>Tedesco , s\u00f6zlerine \u015f\u00f6yle devam etti: &quot;Bu sezon kenetlendi\u011fimiz kar\u015f\u0131la\u015fmalarda ve sisteme sad\u0131k kald\u0131\u011f\u0131m\u0131z anlarda neler yapt\u0131\u011f\u0131m\u0131z\u0131 hem biz hem de rakiplerimiz biliyor. \u015eimdi ise bir kez daha ayn\u0131s\u0131n\u0131 yapmak zorunday\u0131z.<\/p>\n<p>\u00c7ARPICI \u0130DD\u0130A: &#x27;B\u0130Z KAZANIRSAK GALATASARAY BASKI H\u0130SSEDECEK!&#x27;<\/p>\n<p>Bunu ba\u015farabilecek oyuncu grubuna ve&#8230;<\/p>\n","protected":false},"excerpt":{"rendered":"<p>Fenerbah\u00e7e Teknik Direkt\u00f6r\u00fc Domenico Tedesco, Galatasaray derbisi \u00f6ncesi oyuncular\u0131yla yapt\u0131\u011f\u0131 toplant\u0131da tak\u0131m\u0131 motive etti ve zaferin p\u00fcf noktalar\u0131n\u0131&#8230;<\/p>\n","protected":false},"author":2,"featured_media":29055,"comment_status":"open","ping_status":"open","sticky":false,"template":"","format":"standard","meta":{"footnotes":""},"categories":[8,5,7],"tags":[],"class_list":["post-29056","post","type-post","status-publish","format-standard","has-post-thumbnail","hentry","category-arsiv","category-son-dakika","category-spor"],"_links":{"self":[{"href":"https:\/\/eskigazeteci.com\/index.php?rest_route=\/wp\/v2\/posts\/29056","targetHints":{"allow":["GET"]}}],"collection":[{"href":"https:\/\/eskigazeteci.com\/index.php?rest_route=\/wp\/v2\/posts"}],"about":[{"href":"https:\/\/eskigazeteci.com\/index.php?rest_route=\/wp\/v2\/types\/post"}],"author":[{"embeddable":true,"href":"https:\/\/eskigazeteci.com\/index.php?rest_route=\/wp\/v2\/users\/2"}],"replies":[{"embeddable":true,"href":"https:\/\/eskigazeteci.com\/index.php?rest_route=%2Fwp%2Fv2%2Fcomments&post=29056"}],"version-history":[{"count":0,"href":"https:\/\/eskigazeteci.com\/index.php?rest_route=\/wp\/v2\/posts\/29056\/revisions"}],"wp:featuredmedia":[{"embeddable":true,"href":"https:\/\/eskigazeteci.com\/index.php?rest_route=\/wp\/v2\/media\/29055"}],"wp:attachment":[{"href":"https:\/\/eskigazeteci.com\/index.php?rest_route=%2Fwp%2Fv2%2Fmedia&parent=29056"}],"wp:term":[{"taxonomy":"category","embeddable":true,"href":"https:\/\/eskigazeteci.com\/index.php?rest_route=%2Fwp%2Fv2%2Fcategories&post=29056"},{"taxonomy":"post_tag","embeddable":true,"href":"https:\/\/eskigazeteci.com\/index.php?rest_route=%2Fwp%2Fv2%2Ftags&post=29056"}],"curies":[{"name":"wp","href":"https:\/\/api.w.org\/{rel}","templated":true}]}}