{"id":29054,"date":"2026-04-26T06:42:01","date_gmt":"2026-04-26T06:42:01","guid":{"rendered":"https:\/\/eskigazeteci.com\/?p=29054"},"modified":"2026-04-26T06:42:01","modified_gmt":"2026-04-26T06:42:01","slug":"bursluluk-sinavi-baslangic-ve-bitis-saati-26-nisan-2026","status":"publish","type":"post","link":"https:\/\/eskigazeteci.com\/?p=29054","title":{"rendered":"BURSLULUK SINAVI BA\u015eLANGI\u00c7 VE B\u0130T\u0130\u015e SAAT\u0130 26 N\u0130SAN 2026"},"content":{"rendered":"<p>Bursluluk s\u0131nav\u0131 ka\u00e7 dk, saat ka\u00e7ta bitecek? \u0130OKBS (\u0130lk\u00f6\u011fretim ve Orta\u00f6\u011fretim Kurumlar\u0131 Bursluluk S\u0131nav\u0131), 26 Nisan 2026 Pazar g\u00fcn\u00fc tamamlanacak. S\u0131nava kat\u0131lacak 5, 6, 7, 8, haz\u0131rl\u0131k s\u0131n\u0131f\u0131, 9, 10 ve 11\u2019inci s\u0131n\u0131f \u00f6\u011frencileri, s\u0131nava gelirken yanlar\u0131nda foto\u011frafl\u0131 s\u0131nav giri\u015f belgesi ve ge\u00e7erli kimlik belgesini bulunduracaklar. \u0130OKBS&#x27;de t\u00fcm s\u0131n\u0131f seviyelerindeki \u00f6\u011frencilere d\u00f6rt se\u00e7enekli 80 sorunun y\u00f6neltilecek. Milli E\u011fitim Bakanl\u0131\u011f\u0131 taraf\u0131ndan d\u00fczenlenen s\u0131nav 5, 6, 7, 8, haz\u0131rl\u0131k s\u0131n\u0131f\u0131, 9, 10 ve 11\u2019inci s\u0131n\u0131f \u00f6\u011frencilerine uygulan\u0131yor. Peki \u0130OKBS s\u0131nav\u0131 ne zaman saat ka\u00e7ta ba\u015flay\u0131p, ka\u00e7ta bitecek? \u0130\u015fte \u0130OKBS s\u0131nav ba\u015flang\u0131\u00e7 ve biti\u015f saati&#8230;<\/p>\n<p>\u0130lk\u00f6\u011fretim ve Orta\u00f6\u011fretim Kurumlar\u0131 Bursluluk S\u0131nav\u0131 bu sene 26 Nisan Pazar g\u00fcn\u00fc saat 10.00&#x27;da ba\u015flayacak.<\/p>\n<p>T\u00fcm s\u0131n\u0131f seviyelerindeki \u00f6\u011frencilere d\u00f6rt se\u00e7enekli 80 sorunun y\u00f6neltilece\u011fi s\u0131nav, 100 dakika s\u00fcrecek.<\/p>\n<p>\u00d6\u011frenciler s\u0131nava gelirken yanlar\u0131nda ge\u00e7erli kimlik belgesi (T.C. kimlik numaral\u0131 n\u00fcfus c\u00fczdan\u0131\/T.C. kimlik kart\u0131 veya ge\u00e7erlilik s\u00fcresi devam eden pasaport, pasaportlar\u0131 olmayan KKTC vatanda\u015flar\u0131 i\u00e7in foto\u011frafl\u0131 ve kimlik numaral\u0131 KKTC kimlik kart\u0131, ayr\u0131ca \u00f6\u011frenciler, n\u00fcfus m\u00fcd\u00fcrl\u00fcklerince verilen barkodlu-karekodlu ge\u00e7ici&#8230;<\/p>\n","protected":false},"excerpt":{"rendered":"<p>Bursluluk S\u0131nav\u0131 ba\u015flang\u0131\u00e7 ve biti\u015f saati ile oturum s\u00fcresi, 26 Nisan Pazar g\u00fcnk\u00fc s\u0131navlar beraber adaylar taraf\u0131ndan sorgulan\u0131yor. Milli E\u011fitim Bakanl\u0131\u011f\u0131&#8230;<\/p>\n","protected":false},"author":2,"featured_media":29053,"comment_status":"open","ping_status":"open","sticky":false,"template":"","format":"standard","meta":{"footnotes":""},"categories":[8,6,5],"tags":[],"class_list":["post-29054","post","type-post","status-publish","format-standard","has-post-thumbnail","hentry","category-arsiv","category-gundem","category-son-dakika"],"_links":{"self":[{"href":"https:\/\/eskigazeteci.com\/index.php?rest_route=\/wp\/v2\/posts\/29054","targetHints":{"allow":["GET"]}}],"collection":[{"href":"https:\/\/eskigazeteci.com\/index.php?rest_route=\/wp\/v2\/posts"}],"about":[{"href":"https:\/\/eskigazeteci.com\/index.php?rest_route=\/wp\/v2\/types\/post"}],"author":[{"embeddable":true,"href":"https:\/\/eskigazeteci.com\/index.php?rest_route=\/wp\/v2\/users\/2"}],"replies":[{"embeddable":true,"href":"https:\/\/eskigazeteci.com\/index.php?rest_route=%2Fwp%2Fv2%2Fcomments&post=29054"}],"version-history":[{"count":0,"href":"https:\/\/eskigazeteci.com\/index.php?rest_route=\/wp\/v2\/posts\/29054\/revisions"}],"wp:featuredmedia":[{"embeddable":true,"href":"https:\/\/eskigazeteci.com\/index.php?rest_route=\/wp\/v2\/media\/29053"}],"wp:attachment":[{"href":"https:\/\/eskigazeteci.com\/index.php?rest_route=%2Fwp%2Fv2%2Fmedia&parent=29054"}],"wp:term":[{"taxonomy":"category","embeddable":true,"href":"https:\/\/eskigazeteci.com\/index.php?rest_route=%2Fwp%2Fv2%2Fcategories&post=29054"},{"taxonomy":"post_tag","embeddable":true,"href":"https:\/\/eskigazeteci.com\/index.php?rest_route=%2Fwp%2Fv2%2Ftags&post=29054"}],"curies":[{"name":"wp","href":"https:\/\/api.w.org\/{rel}","templated":true}]}}