{"id":29052,"date":"2026-04-26T06:32:00","date_gmt":"2026-04-26T06:32:00","guid":{"rendered":"https:\/\/eskigazeteci.com\/?p=29052"},"modified":"2026-04-26T06:32:00","modified_gmt":"2026-04-26T06:32:00","slug":"ekranin-hizli-yakisiklisi-hayranlarini-uzdu-zaman-ona-da-acimadi-yurutec-yardimiyla-yuruyor","status":"publish","type":"post","link":"https:\/\/eskigazeteci.com\/?p=29052","title":{"rendered":"Ekran\u0131n h\u0131zl\u0131 yak\u0131\u015f\u0131kl\u0131s\u0131 hayranlar\u0131n\u0131 \u00fczd\u00fc\u2026 Zaman ona da ac\u0131mad\u0131\u2026 Y\u00fcr\u00fcte\u00e7 yard\u0131m\u0131yla y\u00fcr\u00fcyor"},"content":{"rendered":"<p>Son zamanlarda zor g\u00fcnler ge\u00e7iren ve \u00fcst \u00fcste gelen sa\u011fl\u0131k sorunlar\u0131yla adeta b\u00fcy\u00fck bir \u00e7\u00f6k\u00fc\u015f ya\u015fayan y\u0131ld\u0131z isim bir kez daha zorlukla y\u00fcr\u00fcrken g\u00f6r\u00fcnt\u00fclendi.<\/p>\n<p>Ba\u015frol\u00fcn\u00fc oynad\u0131\u011f\u0131 \u201cKara \u015eim\u015fek\u201d ve \u201cSahil G\u00fcvenlik\u201d dizleri ile haf\u0131zalara kaz\u0131nan efsane oyuncu David Hasselhoff, ge\u00e7irdi\u011fi a\u011f\u0131r ameliyatlar\u0131n ard\u0131ndan zorlukla y\u00fcr\u00fcrken g\u00f6r\u00fcnt\u00fclendi.<\/p>\n<p>Kara \u015eim\u015fek dizisinde konu\u015fan arabas\u0131yla su\u00e7lular\u0131n pe\u015fine d\u00fc\u015fen, Sahil G\u00fcvenlik\u2019te ise k\u0131rm\u0131z\u0131 mayosuyla en tehlikeli sularda hayat kurtaran d\u00f6neminin en \u201ch\u0131zl\u0131\u201d y\u0131ld\u0131z\u0131 73 ya\u015f\u0131ndaki David Hasselhoff, yan\u0131nda 45 ya\u015f\u0131ndaki e\u015fi Hayley Roberts ile bir binadan \u00e7\u0131karken dengesini korumakta zorlan\u0131yordu.<\/p>\n<p>G\u00f6renlerin tan\u0131makta zorland\u0131\u011f\u0131 \u00fcnl\u00fc oyuncu yak\u0131n zaman \u00f6nce diz ve kal\u00e7a protez ameliyatlar\u0131 ge\u00e7irdikten sonra \u015fimdilerde kimi zaman baston kimi zaman da y\u00fcr\u00fcte\u00e7 kullanarak ayakta durabiliyor ve y\u00fcr\u00fcyebiliyor.<\/p>\n<p>Hasselhoff art\u0131k pek g\u00f6z \u00f6n\u00fcnde olmad\u0131\u011f\u0131 bir hayat s\u00fcr\u00fcyor ve ge\u00e7en temmuz ay\u0131ndan bu yana sadece bir kez kamuoyu \u00f6n\u00fcnde g\u00f6r\u00fcld\u00fc; bu da hayranlar\u0131 aras\u0131nda endi\u015feye yol a\u00e7t\u0131.<\/p>\n<p>Onu yak\u0131ndan tan\u0131yanlar ise \u00fcnl\u00fc y\u0131ld\u0131z\u0131n iyile\u015fmekte oldu\u011funu ve iyile\u015fmesinin ard\u0131ndan b\u00fcy\u00fck bir geri d\u00f6n\u00fc\u015f yapmay\u0131 hedefledi\u011fini s\u00f6yl\u00fcyor.<\/p>\n<p>Efsane dizi Sahil&#8230;<\/p>\n","protected":false},"excerpt":{"rendered":"<p>Bir d\u00f6nemin iki efsane dizisinde birden ba\u015frol oynayan, gen\u00e7lik y\u0131llar\u0131nda d\u00fcnyan\u0131n en b\u00fcy\u00fck ekran y\u0131ld\u0131zlar\u0131ndan biri olan \u00fcnl\u00fc oyuncunun son hali&#8230;<\/p>\n","protected":false},"author":2,"featured_media":29051,"comment_status":"open","ping_status":"open","sticky":false,"template":"","format":"standard","meta":{"footnotes":""},"categories":[8,6,5],"tags":[],"class_list":["post-29052","post","type-post","status-publish","format-standard","has-post-thumbnail","hentry","category-arsiv","category-gundem","category-son-dakika"],"_links":{"self":[{"href":"https:\/\/eskigazeteci.com\/index.php?rest_route=\/wp\/v2\/posts\/29052","targetHints":{"allow":["GET"]}}],"collection":[{"href":"https:\/\/eskigazeteci.com\/index.php?rest_route=\/wp\/v2\/posts"}],"about":[{"href":"https:\/\/eskigazeteci.com\/index.php?rest_route=\/wp\/v2\/types\/post"}],"author":[{"embeddable":true,"href":"https:\/\/eskigazeteci.com\/index.php?rest_route=\/wp\/v2\/users\/2"}],"replies":[{"embeddable":true,"href":"https:\/\/eskigazeteci.com\/index.php?rest_route=%2Fwp%2Fv2%2Fcomments&post=29052"}],"version-history":[{"count":0,"href":"https:\/\/eskigazeteci.com\/index.php?rest_route=\/wp\/v2\/posts\/29052\/revisions"}],"wp:featuredmedia":[{"embeddable":true,"href":"https:\/\/eskigazeteci.com\/index.php?rest_route=\/wp\/v2\/media\/29051"}],"wp:attachment":[{"href":"https:\/\/eskigazeteci.com\/index.php?rest_route=%2Fwp%2Fv2%2Fmedia&parent=29052"}],"wp:term":[{"taxonomy":"category","embeddable":true,"href":"https:\/\/eskigazeteci.com\/index.php?rest_route=%2Fwp%2Fv2%2Fcategories&post=29052"},{"taxonomy":"post_tag","embeddable":true,"href":"https:\/\/eskigazeteci.com\/index.php?rest_route=%2Fwp%2Fv2%2Ftags&post=29052"}],"curies":[{"name":"wp","href":"https:\/\/api.w.org\/{rel}","templated":true}]}}