{"id":29050,"date":"2026-04-26T06:23:34","date_gmt":"2026-04-26T06:23:34","guid":{"rendered":"https:\/\/eskigazeteci.com\/?p=29050"},"modified":"2026-04-26T06:23:34","modified_gmt":"2026-04-26T06:23:34","slug":"hacca-gitmek-icin-yola-cikmisti-kazada-hayatini-kaybetti","status":"publish","type":"post","link":"https:\/\/eskigazeteci.com\/?p=29050","title":{"rendered":"Hacca gitmek i\u00e7in yola \u00e7\u0131km\u0131\u015ft\u0131: Kazada hayat\u0131n\u0131 kaybetti"},"content":{"rendered":"<p>Kaza sabah saat 04.30 s\u0131ralar\u0131nda Aksaray &#8211; Konya Karayolu 18. kilometresinde meydana geldi. Edinilen bilgiye g\u00f6re, Aksaray&#x27;dan Konya istikametine seyreden Mustafa C. (52) idaresindeki hayvan yemi y\u00fckl\u00fc t\u0131r, s\u00fcr\u00fcc\u00fcs\u00fcn\u00fcn direksiyon hakimiyetini kaybetmesi sonucu kontrolden \u00e7\u0131karak ref\u00fcje devrildi.<\/p>\n<p>YARDIM \u0130\u00c7\u0130N DURAN ARACA ARKADAN \u00c7ARPTILAR<\/p>\n<p>Ayn\u0131 istikamete seyreden ve Bing\u00f6l&#x27;den Manisa&#x27;ya giden Mehmet Bing\u00f6l (53) y\u00f6netimindeki 06 FRZ 429 plakal\u0131 Citr\u00f6en marka ara\u00e7 s\u00fcr\u00fcc\u00fcs\u00fc, kazay\u0131 g\u00f6r\u00fcnce yard\u0131m etmek i\u00e7in d\u00f6rtl\u00fc fla\u015f\u00f6rlerini yakarak yolun sa\u011f\u0131na durdu. Arabadan inmek istedi\u011fi esnada yine ayn\u0131 istikamete giden G\u00f6khan T. (38) idaresindeki otomobil duran arac\u0131 fark etmeyerek arkadan \u00e7arpt\u0131.<\/p>\n<p>\u0130lk kazada t\u0131r s\u00fcr\u00fcc\u00fcs\u00fc Mustafa C. yaralan\u0131rken, meydana gelen ikinci kazada da arkadan \u00e7arpan s\u00fcr\u00fcc\u00fc G\u00f6khan T. ve ara\u00e7ta yolcu olarak bulunan Halil \u0130brahim T., Perihan T., Elif T. Abdullah Tokdemir (65) olmak \u00fczere toplam 6 ki\u015fi yaraland\u0131. Hacca gitmek i\u00e7in Konya Havaliman\u0131na yola \u00e7\u0131kt\u0131\u011f\u0131 \u00f6\u011frenilen 65 ya\u015f\u0131ndaki Abdullah Tokdemir kald\u0131r\u0131ld\u0131\u011f\u0131 Aksaray E\u011fitim ve Ara\u015ft\u0131rma Hastanesinde yap\u0131lan t\u00fcm m\u00fcdahalelere ra\u011fmen kurtar\u0131lamayarak hayat\u0131n\u0131 kaybetti.<\/p>\n<p>T\u00fcrkiye g\u00fcndeminden son dakika haberleri,&#8230;<\/p>\n","protected":false},"excerpt":{"rendered":"<p>Aksaray&#8217;da hac ibadeti i\u00e7in havaliman\u0131na gitmek \u00fczere yola \u00e7\u0131kan vatanda\u015f, trafik kazas\u0131nda ya\u015fam\u0131n\u0131 yitirdi.<\/p>\n","protected":false},"author":2,"featured_media":29049,"comment_status":"open","ping_status":"open","sticky":false,"template":"","format":"standard","meta":{"footnotes":""},"categories":[8,6,5],"tags":[],"class_list":["post-29050","post","type-post","status-publish","format-standard","has-post-thumbnail","hentry","category-arsiv","category-gundem","category-son-dakika"],"_links":{"self":[{"href":"https:\/\/eskigazeteci.com\/index.php?rest_route=\/wp\/v2\/posts\/29050","targetHints":{"allow":["GET"]}}],"collection":[{"href":"https:\/\/eskigazeteci.com\/index.php?rest_route=\/wp\/v2\/posts"}],"about":[{"href":"https:\/\/eskigazeteci.com\/index.php?rest_route=\/wp\/v2\/types\/post"}],"author":[{"embeddable":true,"href":"https:\/\/eskigazeteci.com\/index.php?rest_route=\/wp\/v2\/users\/2"}],"replies":[{"embeddable":true,"href":"https:\/\/eskigazeteci.com\/index.php?rest_route=%2Fwp%2Fv2%2Fcomments&post=29050"}],"version-history":[{"count":0,"href":"https:\/\/eskigazeteci.com\/index.php?rest_route=\/wp\/v2\/posts\/29050\/revisions"}],"wp:featuredmedia":[{"embeddable":true,"href":"https:\/\/eskigazeteci.com\/index.php?rest_route=\/wp\/v2\/media\/29049"}],"wp:attachment":[{"href":"https:\/\/eskigazeteci.com\/index.php?rest_route=%2Fwp%2Fv2%2Fmedia&parent=29050"}],"wp:term":[{"taxonomy":"category","embeddable":true,"href":"https:\/\/eskigazeteci.com\/index.php?rest_route=%2Fwp%2Fv2%2Fcategories&post=29050"},{"taxonomy":"post_tag","embeddable":true,"href":"https:\/\/eskigazeteci.com\/index.php?rest_route=%2Fwp%2Fv2%2Ftags&post=29050"}],"curies":[{"name":"wp","href":"https:\/\/api.w.org\/{rel}","templated":true}]}}