{"id":29042,"date":"2026-04-26T05:44:08","date_gmt":"2026-04-26T05:44:08","guid":{"rendered":"https:\/\/eskigazeteci.com\/?p=29042"},"modified":"2026-04-26T05:44:08","modified_gmt":"2026-04-26T05:44:08","slug":"usakta-polis-ekibine-silahli-saldiri-2-polis-tedavi-altina-alindi-zanli-teslim-oldu","status":"publish","type":"post","link":"https:\/\/eskigazeteci.com\/?p=29042","title":{"rendered":"U\u015fak&#8217;ta polis ekibine silahl\u0131 sald\u0131r\u0131: 2 polis tedavi alt\u0131na al\u0131nd\u0131, zanl\u0131 teslim oldu"},"content":{"rendered":"<p>Dilaver Mahallesi Kurtulu\u015f Caddesi&#x27;nde bir adreste aile i\u00e7i \u015fiddet ihbar\u0131 \u00fczerine b\u00f6lgeye polis ekibi sevk edildi.<\/p>\n<p>S\u00f6z konusu adrese giden polis ekibine evin bah\u00e7esinden pompal\u0131 t\u00fcfekle ate\u015f a\u00e7\u0131lmas\u0131 sonucu polis memuru \u0130.\u015e. (29) ve E.E.A. (36) yaraland\u0131.<\/p>\n<p>Yaralanan polisler ambulansla U\u015fak E\u011fitim ve Ara\u015ft\u0131rma Hastanesi&#x27;ne kald\u0131r\u0131ld\u0131. Polislere pompal\u0131 t\u00fcfekle ate\u015f a\u00e7arak 2 polisi yaralayan ve olay yerinden ka\u00e7an \u015f\u00fcphelinin E.R. (40) oldu\u011fu belirlendi.<\/p>\n<p>Ekiplerce dron deste\u011fiyle y\u00fcr\u00fct\u00fclen \u00e7al\u0131\u015fmada \u015f\u00fcphelinin il\u00e7e merkezinde metruk bir binada sakland\u0131\u011f\u0131 tespit edildi.<\/p>\n<p>Zanl\u0131n\u0131n, bulundu\u011fu binadan ekiplere ate\u015f a\u00e7maya devam etmesi \u00fczerine olay yerine \u00f6zel harekat polisleri y\u00f6nlendirildi.<\/p>\n<p>Ekiplerin yakla\u015f\u0131k 3 saatlik \u00e7al\u0131\u015fmas\u0131 sonucu ikna edilen E.R, teslim oldu. U\u015fak Valisi Serdar Kartal, Ulubey \u0130l\u00e7e Emniyet Amirli\u011fi&#x27;ne gelerek konuyla ilgili Ulubey Kaymakam\u0131 \u0130brahim Co\u015fkunaslan, \u0130l Emniyet M\u00fcd\u00fcr\u00fc Taner \u00c7ift\u00e7i ve \u0130l Jandarma Komutan\u0131 K\u0131demli Albay \u00d6zg\u00fcr K\u0131l\u0131\u00e7&#x27;tan bilgi ald\u0131.<\/p>\n<p>Burada gazetecilere a\u00e7\u0131klamalarda bulunan Vali Kartal, \u015funlar\u0131 s\u00f6yledi:<\/p>\n<p>&quot;Bug\u00fcn Ulubey il\u00e7emizde menfur bir sald\u0131r\u0131 ya\u015fad\u0131k. Aile i\u00e7i \u015fiddetle ilgili bir \u015fikayete giden polis arkada\u015flar\u0131m\u0131za, bir sald\u0131rgan&#8230;<\/p>\n","protected":false},"excerpt":{"rendered":"<p>U\u015fak&#8217;\u0131n Ulubey il\u00e7esinde aile i\u00e7i \u015fiddet ihbar\u0131na giden polis ekibine pompal\u0131 t\u00fcfekle ate\u015f a\u00e7\u0131lmas\u0131 sonucu 2 polis memuru yaraland\u0131. U\u015fak Valisi Serdar&#8230;<\/p>\n","protected":false},"author":2,"featured_media":29041,"comment_status":"open","ping_status":"open","sticky":false,"template":"","format":"standard","meta":{"footnotes":""},"categories":[6,5],"tags":[],"class_list":["post-29042","post","type-post","status-publish","format-standard","has-post-thumbnail","hentry","category-gundem","category-son-dakika"],"_links":{"self":[{"href":"https:\/\/eskigazeteci.com\/index.php?rest_route=\/wp\/v2\/posts\/29042","targetHints":{"allow":["GET"]}}],"collection":[{"href":"https:\/\/eskigazeteci.com\/index.php?rest_route=\/wp\/v2\/posts"}],"about":[{"href":"https:\/\/eskigazeteci.com\/index.php?rest_route=\/wp\/v2\/types\/post"}],"author":[{"embeddable":true,"href":"https:\/\/eskigazeteci.com\/index.php?rest_route=\/wp\/v2\/users\/2"}],"replies":[{"embeddable":true,"href":"https:\/\/eskigazeteci.com\/index.php?rest_route=%2Fwp%2Fv2%2Fcomments&post=29042"}],"version-history":[{"count":0,"href":"https:\/\/eskigazeteci.com\/index.php?rest_route=\/wp\/v2\/posts\/29042\/revisions"}],"wp:featuredmedia":[{"embeddable":true,"href":"https:\/\/eskigazeteci.com\/index.php?rest_route=\/wp\/v2\/media\/29041"}],"wp:attachment":[{"href":"https:\/\/eskigazeteci.com\/index.php?rest_route=%2Fwp%2Fv2%2Fmedia&parent=29042"}],"wp:term":[{"taxonomy":"category","embeddable":true,"href":"https:\/\/eskigazeteci.com\/index.php?rest_route=%2Fwp%2Fv2%2Fcategories&post=29042"},{"taxonomy":"post_tag","embeddable":true,"href":"https:\/\/eskigazeteci.com\/index.php?rest_route=%2Fwp%2Fv2%2Ftags&post=29042"}],"curies":[{"name":"wp","href":"https:\/\/api.w.org\/{rel}","templated":true}]}}