{"id":29028,"date":"2026-04-26T04:57:39","date_gmt":"2026-04-26T04:57:39","guid":{"rendered":"https:\/\/eskigazeteci.com\/?p=29028"},"modified":"2026-04-26T04:57:39","modified_gmt":"2026-04-26T04:57:39","slug":"turkiyenin-faili-mechul-haritasi-cikarildi-75-ilde-638-dosya-yeniden-acildi","status":"publish","type":"post","link":"https:\/\/eskigazeteci.com\/?p=29028","title":{"rendered":"T\u00fcrkiye\u2019nin faili me\u00e7hul haritas\u0131 \u00e7\u0131kar\u0131ld\u0131&#8230; 75 ilde 638 dosya yeniden a\u00e7\u0131ld\u0131"},"content":{"rendered":"<p>A DALET Bakanl\u0131\u011f\u0131 Ceza \u0130\u015fleri Genel M\u00fcd\u00fcrl\u00fc\u011f\u00fc b\u00fcnyesinde kurulan \u2018Faili Me\u00e7hul Su\u00e7lar\u0131 Ara\u015ft\u0131rma Daire Ba\u015fkanl\u0131\u011f\u0131\u2019, toplum vicdan\u0131nda derin izler b\u0131rakan kasten \u00f6ld\u00fcrme ve kay\u0131p \u015fah\u0131s dosyalar\u0131n\u0131 yak\u0131ndan ve \u2018farkl\u0131 bir g\u00f6z\u2019le yeniden incelemeye ald\u0131. Bu kapsamda yap\u0131lan ilk tespitlere g\u00f6re, \u00fclke \u00e7ap\u0131nda 75 ilde bulunan 638 dosya ve 693 maktul y\u00f6n\u00fcnden kapsaml\u0131 analiz s\u00fcreci ba\u015flat\u0131ld\u0131. Bu \u00f6zel birim, kurumsal kapasiteyi en \u00fcst seviyeye ta\u015f\u0131yacak ve ba\u015fsavc\u0131l\u0131klarla yak\u0131ndan koordinasyonu sa\u011flayacak.<\/p>\n<p>49 VAKAYLA \u0130ZM\u0130R B\u0130R\u0130NC\u0130<\/p>\n<p>Bakanl\u0131\u011f\u0131n verilerine g\u00f6re inceleme kapsam\u0131na al\u0131nan dosya ve maktul say\u0131lar\u0131nda baz\u0131 iller yo\u011funluklar\u0131yla dikkat \u00e7ekiyor. Yap\u0131lan s\u0131ralamada \u0130zmir 49 dosya ve 51 maktul ile ilk s\u0131rada yer ald\u0131. \u0130zmir\u2019i 34 dosya ve 35 maktul ile Sakarya, 30 dosya ve 31 maktul ile Trabzon izledi. Listenin devam\u0131nda Giresun 29 dosya ve 32 maktul, Tokat 29 dosya ve 32 maktul, Tekirda\u011f 29 dosya ve 31 maktul ile dikkat \u00e7ekerken, Malatya 24 dosya ve 24 maktul, Kahramanmara\u015f 19 dosya ve 21 maktul, \u00c7anakkale 17 dosya ve 28 maktul ile y\u00fcksek say\u0131lara sahip \u00f6ncelikli iller aras\u0131nda yer ald\u0131.<\/p>\n<p>\u0130STANBUL VE ANKARA\u2019DA 10\u2019AR DOSYA<\/p>\n<p>\u0130lk 15\u2019te yer alan Bursa\u2019da 16 dosya ve 18 maktul,&#8230;<\/p>\n","protected":false},"excerpt":{"rendered":"<p>Kamuoyunda infial yaratan faili me\u00e7hul dosyalar i\u00e7in d\u00fc\u011fmeye bas\u0131ld\u0131. Bakan G\u00fcrlek\u2019in talimat\u0131yla kurulan \u00f6zel birim, y\u0131llard\u0131r ayd\u0131nlat\u0131lamayan cinayet ve&#8230;<\/p>\n","protected":false},"author":2,"featured_media":29027,"comment_status":"open","ping_status":"open","sticky":false,"template":"","format":"standard","meta":{"footnotes":""},"categories":[8,6,5],"tags":[],"class_list":["post-29028","post","type-post","status-publish","format-standard","has-post-thumbnail","hentry","category-arsiv","category-gundem","category-son-dakika"],"_links":{"self":[{"href":"https:\/\/eskigazeteci.com\/index.php?rest_route=\/wp\/v2\/posts\/29028","targetHints":{"allow":["GET"]}}],"collection":[{"href":"https:\/\/eskigazeteci.com\/index.php?rest_route=\/wp\/v2\/posts"}],"about":[{"href":"https:\/\/eskigazeteci.com\/index.php?rest_route=\/wp\/v2\/types\/post"}],"author":[{"embeddable":true,"href":"https:\/\/eskigazeteci.com\/index.php?rest_route=\/wp\/v2\/users\/2"}],"replies":[{"embeddable":true,"href":"https:\/\/eskigazeteci.com\/index.php?rest_route=%2Fwp%2Fv2%2Fcomments&post=29028"}],"version-history":[{"count":0,"href":"https:\/\/eskigazeteci.com\/index.php?rest_route=\/wp\/v2\/posts\/29028\/revisions"}],"wp:featuredmedia":[{"embeddable":true,"href":"https:\/\/eskigazeteci.com\/index.php?rest_route=\/wp\/v2\/media\/29027"}],"wp:attachment":[{"href":"https:\/\/eskigazeteci.com\/index.php?rest_route=%2Fwp%2Fv2%2Fmedia&parent=29028"}],"wp:term":[{"taxonomy":"category","embeddable":true,"href":"https:\/\/eskigazeteci.com\/index.php?rest_route=%2Fwp%2Fv2%2Fcategories&post=29028"},{"taxonomy":"post_tag","embeddable":true,"href":"https:\/\/eskigazeteci.com\/index.php?rest_route=%2Fwp%2Fv2%2Ftags&post=29028"}],"curies":[{"name":"wp","href":"https:\/\/api.w.org\/{rel}","templated":true}]}}